{"id":2046,"date":"2026-09-03T00:11:17","date_gmt":"2026-09-03T00:11:17","guid":{"rendered":"https:\/\/donpolicarpo.com.br\/blog\/?p=2046"},"modified":"2026-09-03T00:11:36","modified_gmt":"2026-09-03T00:11:36","slug":"don-policarpo-participa-da-28a-bienal-internacional-do-livro-de-sao-paulo","status":"publish","type":"post","link":"https:\/\/donpolicarpo.com.br\/blog\/2026\/09\/03\/don-policarpo-participa-da-28a-bienal-internacional-do-livro-de-sao-paulo\/","title":{"rendered":"Don Policarpo participa da 28\u00aa Bienal Internacional do Livro de S\u00e3o Paulo"},"content":{"rendered":"\t\t<div data-elementor-type=\"wp-post\" data-elementor-id=\"2046\" class=\"elementor elementor-2046\">\n\t\t\t\t<div class=\"elementor-element elementor-element-2d1dec06 e-flex e-con-boxed wpr-particle-no wpr-jarallax-no wpr-parallax-no wpr-sticky-section-no wpr-column-slider-no wpr-equal-height-no e-con e-parent\" data-id=\"2d1dec06\" data-element_type=\"container\" data-e-type=\"container\">\n\t\t\t\t\t<div class=\"e-con-inner\">\n\t\t\t\t<div class=\"elementor-element elementor-element-36728239 elementor-widget elementor-widget-text-editor\" data-id=\"36728239\" data-element_type=\"widget\" data-e-type=\"widget\" data-widget_type=\"text-editor.default\">\n\t\t\t\t<div class=\"elementor-widget-container\">\n\t\t\t\t\t\t\t\t\t\n<p class=\"wp-block-paragraph\">A literatura ganha mais um momento especial na trajet\u00f3ria de <strong>Don Policarpo<\/strong>. No dia <strong>10 de setembro de 2026<\/strong>, o artista estar\u00e1 presente na <strong>28\u00aa Bienal Internacional do Livro de S\u00e3o Paulo<\/strong>, participando do lan\u00e7amento de sua obra no estande da <strong>Editora Hip\u00f3crates<\/strong>.<\/p>\n\n<p class=\"wp-block-paragraph\">O encontro acontece a partir das <strong>11h<\/strong>, no <strong>estande 33<\/strong>, dentro do Distrito Anhembi, onde ser\u00e1 realizada a edi\u00e7\u00e3o de 2026 da Bienal. O evento re\u00fane centenas de expositores e autores e tem expectativa de receber mais de 700 mil visitantes.<\/p>\n\n<h3 class=\"wp-block-heading\">30 anos de excel\u00eancia editorial<\/h3>\n\n<p class=\"wp-block-paragraph\">A participa\u00e7\u00e3o tamb\u00e9m celebra os <strong>30 anos da Editora Hip\u00f3crates<\/strong>, que recebe o lan\u00e7amento da obra de Don Policarpo durante um dos principais encontros liter\u00e1rios do pa\u00eds.<\/p>\n\n<p class=\"wp-block-paragraph\">O destaque fica para <strong>\u201cA Trilogia Po\u00e9tica Cantante\u201d<\/strong>, projeto que representa a uni\u00e3o entre poesia, literatura e m\u00fasica e traduz a proposta art\u00edstica de Don Policarpo de levar a palavra para diferentes formas de express\u00e3o.<\/p>\n\n<h3 class=\"wp-block-heading\">Literatura que encontra novos caminhos<\/h3>\n\n<p class=\"wp-block-paragraph\">Estar na Bienal \u00e9 tamb\u00e9m ocupar um espa\u00e7o de grande relev\u00e2ncia para a literatura brasileira, aproximando autores, leitores e diferentes manifesta\u00e7\u00f5es culturais.<\/p>\n\n<p class=\"wp-block-paragraph\">Para Don Policarpo, o momento refor\u00e7a uma trajet\u00f3ria constru\u00edda entre <strong>poesia, m\u00fasica, literatura e cultura<\/strong>, levando sua produ\u00e7\u00e3o a novos p\u00fablicos e fortalecendo a presen\u00e7a de sua obra no cen\u00e1rio cultural.<\/p>\n\n<p class=\"wp-block-paragraph\">\ud83d\udcda <strong>28\u00aa Bienal Internacional do Livro de S\u00e3o Paulo<\/strong><br \/>\ud83d\udcc5 <strong>10 de setembro de 2026<\/strong><br \/>\u23f0 <strong>A partir das 11h<\/strong><br \/>\ud83d\udccd <strong>Distrito Anhembi \u2013 S\u00e3o Paulo<\/strong><br \/>\ud83d\udcd6 <strong>Estande 33 \u2013 Editora Hip\u00f3crates<\/strong><\/p>\n\n<p class=\"wp-block-paragraph\"><strong>Um encontro entre autor, obra e leitores. Uma celebra\u00e7\u00e3o da palavra cantada, escrita e vivida.<\/strong><\/p>\n\n<p class=\"wp-block-paragraph\"><a href=\"https:\/\/www.bienaldolivrosp.com.br\/pt-br\/visitar.html?utm_source=chatgpt.com\" target=\"_blank\" rel=\"noopener\">Confira a programa\u00e7\u00e3o oficial da Bienal<\/a><\/p>\n\t\t\t\t\t\t\t\t<\/div>\n\t\t\t\t<\/div>\n\t\t\t\t\t<\/div>\n\t\t\t\t<\/div>\n\t\t\t\t<\/div>\n\t\t","protected":false},"excerpt":{"rendered":"<p>A literatura ganha mais um momento especial na trajet\u00f3ria de Don Policarpo. No dia 10 de setembro de 2026, o artista estar\u00e1 presente na 28\u00aa Bienal Internacional do Livro de S\u00e3o Paulo, participando do lan\u00e7amento de sua obra no estande da Editora Hip\u00f3crates. O encontro acontece a partir das 11h, no estande 33, dentro do Distrito Anhembi, onde ser\u00e1 realizada a edi\u00e7\u00e3o de 2026 da Bienal. O evento re\u00fane centenas de expositores e autores e tem expectativa de receber mais de 700 mil visitantes. 30 anos de excel\u00eancia editorial A participa\u00e7\u00e3o tamb\u00e9m celebra os 30 anos da Editora Hip\u00f3crates, que recebe o lan\u00e7amento da obra de Don Policarpo durante um dos principais encontros liter\u00e1rios do pa\u00eds. O destaque fica para \u201cA Trilogia Po\u00e9tica Cantante\u201d, projeto que representa a uni\u00e3o entre poesia, literatura e m\u00fasica e traduz a proposta art\u00edstica de Don Policarpo de levar a palavra para diferentes formas de express\u00e3o. Literatura que encontra novos caminhos Estar na Bienal \u00e9 tamb\u00e9m ocupar um espa\u00e7o de grande relev\u00e2ncia para a literatura brasileira, aproximando autores, leitores e diferentes manifesta\u00e7\u00f5es culturais. Para Don Policarpo, o momento refor\u00e7a uma trajet\u00f3ria constru\u00edda entre poesia, m\u00fasica, literatura e cultura, levando sua produ\u00e7\u00e3o a novos p\u00fablicos e fortalecendo a presen\u00e7a de sua obra no cen\u00e1rio cultural. \ud83d\udcda 28\u00aa Bienal Internacional do Livro de S\u00e3o Paulo\ud83d\udcc5 10 de setembro de 2026\u23f0 A partir das 11h\ud83d\udccd Distrito Anhembi \u2013 S\u00e3o Paulo\ud83d\udcd6 Estande 33 \u2013 Editora Hip\u00f3crates Um encontro entre autor, obra e leitores. Uma celebra\u00e7\u00e3o da palavra cantada, escrita e vivida. Confira a programa\u00e7\u00e3o oficial da Bienal<\/p>\n","protected":false},"author":2,"featured_media":2047,"comment_status":"open","ping_status":"open","sticky":false,"template":"","format":"standard","meta":{"_uag_custom_page_level_css":"","site-sidebar-layout":"default","site-content-layout":"","ast-site-content-layout":"default","site-content-style":"default","site-sidebar-style":"default","ast-global-header-display":"","ast-banner-title-visibility":"","ast-main-header-display":"","ast-hfb-above-header-display":"","ast-hfb-below-header-display":"","ast-hfb-mobile-header-display":"","site-post-title":"","ast-breadcrumbs-content":"","ast-featured-img":"","footer-sml-layout":"","ast-disable-related-posts":"","theme-transparent-header-meta":"","adv-header-id-meta":"","stick-header-meta":"","header-above-stick-meta":"","header-main-stick-meta":"","header-below-stick-meta":"","astra-migrate-meta-layouts":"default","ast-page-background-enabled":"default","ast-page-background-meta":{"desktop":{"background-color":"var(--ast-global-color-5)","background-image":"","background-repeat":"repeat","background-position":"center center","background-size":"auto","background-attachment":"scroll","background-type":"","background-media":"","overlay-type":"","overlay-color":"","overlay-opacity":"","overlay-gradient":""},"tablet":{"background-color":"","background-image":"","background-repeat":"repeat","background-position":"center center","background-size":"auto","background-attachment":"scroll","background-type":"","background-media":"","overlay-type":"","overlay-color":"","overlay-opacity":"","overlay-gradient":""},"mobile":{"background-color":"","background-image":"","background-repeat":"repeat","background-position":"center center","background-size":"auto","background-attachment":"scroll","background-type":"","background-media":"","overlay-type":"","overlay-color":"","overlay-opacity":"","overlay-gradient":""}},"ast-content-background-meta":{"desktop":{"background-color":"var(--ast-global-color-4)","background-image":"","background-repeat":"repeat","background-position":"center center","background-size":"auto","background-attachment":"scroll","background-type":"","background-media":"","overlay-type":"","overlay-color":"","overlay-opacity":"","overlay-gradient":""},"tablet":{"background-color":"var(--ast-global-color-4)","background-image":"","background-repeat":"repeat","background-position":"center center","background-size":"auto","background-attachment":"scroll","background-type":"","background-media":"","overlay-type":"","overlay-color":"","overlay-opacity":"","overlay-gradient":""},"mobile":{"background-color":"var(--ast-global-color-4)","background-image":"","background-repeat":"repeat","background-position":"center center","background-size":"auto","background-attachment":"scroll","background-type":"","background-media":"","overlay-type":"","overlay-color":"","overlay-opacity":"","overlay-gradient":""}},"footnotes":""},"categories":[22],"tags":[],"class_list":["post-2046","post","type-post","status-publish","format-standard","has-post-thumbnail","hentry","category-arte"],"yoast_head":"<!-- This site is optimized with the Yoast SEO plugin v28.2 - https:\/\/yoast.com\/product\/yoast-seo-wordpress\/ -->\n<title>Don Policarpo participa da 28\u00aa Bienal Internacional do Livro de S\u00e3o Paulo - Blog - Don Policarpo<\/title>\n<meta name=\"robots\" content=\"index, follow, max-snippet:-1, max-image-preview:large, max-video-preview:-1\" \/>\n<link rel=\"canonical\" href=\"https:\/\/donpolicarpo.com.br\/blog\/2026\/09\/03\/don-policarpo-participa-da-28a-bienal-internacional-do-livro-de-sao-paulo\/\" \/>\n<meta property=\"og:locale\" content=\"pt_PT\" \/>\n<meta property=\"og:type\" content=\"article\" \/>\n<meta property=\"og:title\" content=\"Don Policarpo participa da 28\u00aa Bienal Internacional do Livro de S\u00e3o Paulo - Blog - Don Policarpo\" \/>\n<meta property=\"og:description\" content=\"A literatura ganha mais um momento especial na trajet\u00f3ria de Don Policarpo. No dia 10 de setembro de 2026, o artista estar\u00e1 presente na 28\u00aa Bienal Internacional do Livro de S\u00e3o Paulo, participando do lan\u00e7amento de sua obra no estande da Editora Hip\u00f3crates. O encontro acontece a partir das 11h, no estande 33, dentro do Distrito Anhembi, onde ser\u00e1 realizada a edi\u00e7\u00e3o de 2026 da Bienal. O evento re\u00fane centenas de expositores e autores e tem expectativa de receber mais de 700 mil visitantes. 30 anos de excel\u00eancia editorial A participa\u00e7\u00e3o tamb\u00e9m celebra os 30 anos da Editora Hip\u00f3crates, que recebe o lan\u00e7amento da obra de Don Policarpo durante um dos principais encontros liter\u00e1rios do pa\u00eds. O destaque fica para \u201cA Trilogia Po\u00e9tica Cantante\u201d, projeto que representa a uni\u00e3o entre poesia, literatura e m\u00fasica e traduz a proposta art\u00edstica de Don Policarpo de levar a palavra para diferentes formas de express\u00e3o. Literatura que encontra novos caminhos Estar na Bienal \u00e9 tamb\u00e9m ocupar um espa\u00e7o de grande relev\u00e2ncia para a literatura brasileira, aproximando autores, leitores e diferentes manifesta\u00e7\u00f5es culturais. Para Don Policarpo, o momento refor\u00e7a uma trajet\u00f3ria constru\u00edda entre poesia, m\u00fasica, literatura e cultura, levando sua produ\u00e7\u00e3o a novos p\u00fablicos e fortalecendo a presen\u00e7a de sua obra no cen\u00e1rio cultural. \ud83d\udcda 28\u00aa Bienal Internacional do Livro de S\u00e3o Paulo\ud83d\udcc5 10 de setembro de 2026\u23f0 A partir das 11h\ud83d\udccd Distrito Anhembi \u2013 S\u00e3o Paulo\ud83d\udcd6 Estande 33 \u2013 Editora Hip\u00f3crates Um encontro entre autor, obra e leitores. Uma celebra\u00e7\u00e3o da palavra cantada, escrita e vivida. Confira a programa\u00e7\u00e3o oficial da Bienal\" \/>\n<meta property=\"og:url\" content=\"https:\/\/donpolicarpo.com.br\/blog\/2026\/09\/03\/don-policarpo-participa-da-28a-bienal-internacional-do-livro-de-sao-paulo\/\" \/>\n<meta property=\"og:site_name\" content=\"Blog - Don Policarpo\" \/>\n<meta property=\"article:published_time\" content=\"2026-09-03T00:11:17+00:00\" \/>\n<meta property=\"article:modified_time\" content=\"2026-09-03T00:11:36+00:00\" \/>\n<meta property=\"og:image\" content=\"https:\/\/donpolicarpo.com.br\/blog\/wp-content\/uploads\/2026\/09\/hipocrates.jpg\" \/>\n\t<meta property=\"og:image:width\" content=\"1200\" \/>\n\t<meta property=\"og:image:height\" content=\"628\" \/>\n\t<meta property=\"og:image:type\" content=\"image\/jpeg\" \/>\n<meta name=\"author\" content=\"Don Policarpo\" \/>\n<meta name=\"twitter:card\" content=\"summary_large_image\" \/>\n<meta name=\"twitter:label1\" content=\"Escrito por\" \/>\n\t<meta name=\"twitter:data1\" content=\"Don Policarpo\" \/>\n\t<meta name=\"twitter:label2\" content=\"Tempo estimado de leitura\" \/>\n\t<meta name=\"twitter:data2\" content=\"3 minutos\" \/>\n<script type=\"application\/ld+json\" class=\"yoast-schema-graph\">{\"@context\":\"https:\\\/\\\/schema.org\",\"@graph\":[{\"@type\":\"Article\",\"@id\":\"https:\\\/\\\/donpolicarpo.com.br\\\/blog\\\/2026\\\/09\\\/03\\\/don-policarpo-participa-da-28a-bienal-internacional-do-livro-de-sao-paulo\\\/#article\",\"isPartOf\":{\"@id\":\"https:\\\/\\\/donpolicarpo.com.br\\\/blog\\\/2026\\\/09\\\/03\\\/don-policarpo-participa-da-28a-bienal-internacional-do-livro-de-sao-paulo\\\/\"},\"author\":{\"name\":\"Don Policarpo\",\"@id\":\"https:\\\/\\\/donpolicarpo.com.br\\\/blog\\\/#\\\/schema\\\/person\\\/4ef36e9e5b9fe731bd20948691fdce2b\"},\"headline\":\"Don Policarpo participa da 28\u00aa Bienal Internacional do Livro de S\u00e3o Paulo\",\"datePublished\":\"2026-09-03T00:11:17+00:00\",\"dateModified\":\"2026-09-03T00:11:36+00:00\",\"mainEntityOfPage\":{\"@id\":\"https:\\\/\\\/donpolicarpo.com.br\\\/blog\\\/2026\\\/09\\\/03\\\/don-policarpo-participa-da-28a-bienal-internacional-do-livro-de-sao-paulo\\\/\"},\"wordCount\":289,\"commentCount\":0,\"publisher\":{\"@id\":\"https:\\\/\\\/donpolicarpo.com.br\\\/blog\\\/#\\\/schema\\\/person\\\/4ef36e9e5b9fe731bd20948691fdce2b\"},\"image\":{\"@id\":\"https:\\\/\\\/donpolicarpo.com.br\\\/blog\\\/2026\\\/09\\\/03\\\/don-policarpo-participa-da-28a-bienal-internacional-do-livro-de-sao-paulo\\\/#primaryimage\"},\"thumbnailUrl\":\"https:\\\/\\\/donpolicarpo.com.br\\\/blog\\\/wp-content\\\/uploads\\\/2026\\\/09\\\/hipocrates.jpg\",\"articleSection\":[\"Arte\"],\"inLanguage\":\"pt-PT\",\"potentialAction\":[{\"@type\":\"CommentAction\",\"name\":\"Comment\",\"target\":[\"https:\\\/\\\/donpolicarpo.com.br\\\/blog\\\/2026\\\/09\\\/03\\\/don-policarpo-participa-da-28a-bienal-internacional-do-livro-de-sao-paulo\\\/#respond\"]}]},{\"@type\":\"WebPage\",\"@id\":\"https:\\\/\\\/donpolicarpo.com.br\\\/blog\\\/2026\\\/09\\\/03\\\/don-policarpo-participa-da-28a-bienal-internacional-do-livro-de-sao-paulo\\\/\",\"url\":\"https:\\\/\\\/donpolicarpo.com.br\\\/blog\\\/2026\\\/09\\\/03\\\/don-policarpo-participa-da-28a-bienal-internacional-do-livro-de-sao-paulo\\\/\",\"name\":\"Don Policarpo participa da 28\u00aa Bienal Internacional do Livro de S\u00e3o Paulo - Blog - Don Policarpo\",\"isPartOf\":{\"@id\":\"https:\\\/\\\/donpolicarpo.com.br\\\/blog\\\/#website\"},\"primaryImageOfPage\":{\"@id\":\"https:\\\/\\\/donpolicarpo.com.br\\\/blog\\\/2026\\\/09\\\/03\\\/don-policarpo-participa-da-28a-bienal-internacional-do-livro-de-sao-paulo\\\/#primaryimage\"},\"image\":{\"@id\":\"https:\\\/\\\/donpolicarpo.com.br\\\/blog\\\/2026\\\/09\\\/03\\\/don-policarpo-participa-da-28a-bienal-internacional-do-livro-de-sao-paulo\\\/#primaryimage\"},\"thumbnailUrl\":\"https:\\\/\\\/donpolicarpo.com.br\\\/blog\\\/wp-content\\\/uploads\\\/2026\\\/09\\\/hipocrates.jpg\",\"datePublished\":\"2026-09-03T00:11:17+00:00\",\"dateModified\":\"2026-09-03T00:11:36+00:00\",\"breadcrumb\":{\"@id\":\"https:\\\/\\\/donpolicarpo.com.br\\\/blog\\\/2026\\\/09\\\/03\\\/don-policarpo-participa-da-28a-bienal-internacional-do-livro-de-sao-paulo\\\/#breadcrumb\"},\"inLanguage\":\"pt-PT\",\"potentialAction\":[{\"@type\":\"ReadAction\",\"target\":[\"https:\\\/\\\/donpolicarpo.com.br\\\/blog\\\/2026\\\/09\\\/03\\\/don-policarpo-participa-da-28a-bienal-internacional-do-livro-de-sao-paulo\\\/\"]}]},{\"@type\":\"ImageObject\",\"inLanguage\":\"pt-PT\",\"@id\":\"https:\\\/\\\/donpolicarpo.com.br\\\/blog\\\/2026\\\/09\\\/03\\\/don-policarpo-participa-da-28a-bienal-internacional-do-livro-de-sao-paulo\\\/#primaryimage\",\"url\":\"https:\\\/\\\/donpolicarpo.com.br\\\/blog\\\/wp-content\\\/uploads\\\/2026\\\/09\\\/hipocrates.jpg\",\"contentUrl\":\"https:\\\/\\\/donpolicarpo.com.br\\\/blog\\\/wp-content\\\/uploads\\\/2026\\\/09\\\/hipocrates.jpg\",\"width\":1200,\"height\":628},{\"@type\":\"BreadcrumbList\",\"@id\":\"https:\\\/\\\/donpolicarpo.com.br\\\/blog\\\/2026\\\/09\\\/03\\\/don-policarpo-participa-da-28a-bienal-internacional-do-livro-de-sao-paulo\\\/#breadcrumb\",\"itemListElement\":[{\"@type\":\"ListItem\",\"position\":1,\"name\":\"Home\",\"item\":\"https:\\\/\\\/donpolicarpo.com.br\\\/blog\\\/\"},{\"@type\":\"ListItem\",\"position\":2,\"name\":\"Don Policarpo participa da 28\u00aa Bienal Internacional do Livro de S\u00e3o Paulo\"}]},{\"@type\":\"WebSite\",\"@id\":\"https:\\\/\\\/donpolicarpo.com.br\\\/blog\\\/#website\",\"url\":\"https:\\\/\\\/donpolicarpo.com.br\\\/blog\\\/\",\"name\":\"Blog - Don Policarpo\",\"description\":\"\",\"publisher\":{\"@id\":\"https:\\\/\\\/donpolicarpo.com.br\\\/blog\\\/#\\\/schema\\\/person\\\/4ef36e9e5b9fe731bd20948691fdce2b\"},\"potentialAction\":[{\"@type\":\"SearchAction\",\"target\":{\"@type\":\"EntryPoint\",\"urlTemplate\":\"https:\\\/\\\/donpolicarpo.com.br\\\/blog\\\/?s={search_term_string}\"},\"query-input\":{\"@type\":\"PropertyValueSpecification\",\"valueRequired\":true,\"valueName\":\"search_term_string\"}}],\"inLanguage\":\"pt-PT\"},{\"@type\":[\"Person\",\"Organization\"],\"@id\":\"https:\\\/\\\/donpolicarpo.com.br\\\/blog\\\/#\\\/schema\\\/person\\\/4ef36e9e5b9fe731bd20948691fdce2b\",\"name\":\"Don Policarpo\",\"image\":{\"@type\":\"ImageObject\",\"inLanguage\":\"pt-PT\",\"@id\":\"https:\\\/\\\/donpolicarpo.com.br\\\/blog\\\/wp-content\\\/uploads\\\/2025\\\/01\\\/Perfil.jpg\",\"url\":\"https:\\\/\\\/donpolicarpo.com.br\\\/blog\\\/wp-content\\\/uploads\\\/2025\\\/01\\\/Perfil.jpg\",\"contentUrl\":\"https:\\\/\\\/donpolicarpo.com.br\\\/blog\\\/wp-content\\\/uploads\\\/2025\\\/01\\\/Perfil.jpg\",\"width\":1080,\"height\":1080,\"caption\":\"Don Policarpo\"},\"logo\":{\"@id\":\"https:\\\/\\\/donpolicarpo.com.br\\\/blog\\\/wp-content\\\/uploads\\\/2025\\\/01\\\/Perfil.jpg\"},\"description\":\"Escritor, poeta, compositor. Lan\u00e7ou Ma\u00e7\u00e3, A \u00c1rvore dos Alados e A Magia da Poesia Cantante Vol.2, entre outros. O autor convida todos a se entenderem como cidad\u00e3os de um mundo profundamente lesionado pela crise ambiental, com uma linguagem l\u00fadica, as obras ressaltam a necessidade de proteger o planeta, a import\u00e2ncia da educa\u00e7\u00e3o familiar e ambiental, al\u00e9m da valoriza\u00e7\u00e3o da mem\u00f3ria ancestral e afetiva.\",\"sameAs\":[\"https:\\\/\\\/donpolicarpo.com.br\\\/blog\",\"https:\\\/\\\/www.instagram.com\\\/donpolicarpo\\\/\",\"https:\\\/\\\/www.youtube.com\\\/@falapoli\"],\"url\":\"https:\\\/\\\/donpolicarpo.com.br\\\/blog\\\/author\\\/policarpo\\\/\"}]}<\/script>\n<!-- \/ Yoast SEO plugin. -->","yoast_head_json":{"title":"Don Policarpo participa da 28\u00aa Bienal Internacional do Livro de S\u00e3o Paulo - Blog - Don Policarpo","robots":{"index":"index","follow":"follow","max-snippet":"max-snippet:-1","max-image-preview":"max-image-preview:large","max-video-preview":"max-video-preview:-1"},"canonical":"https:\/\/donpolicarpo.com.br\/blog\/2026\/09\/03\/don-policarpo-participa-da-28a-bienal-internacional-do-livro-de-sao-paulo\/","og_locale":"pt_PT","og_type":"article","og_title":"Don Policarpo participa da 28\u00aa Bienal Internacional do Livro de S\u00e3o Paulo - Blog - Don Policarpo","og_description":"A literatura ganha mais um momento especial na trajet\u00f3ria de Don Policarpo. No dia 10 de setembro de 2026, o artista estar\u00e1 presente na 28\u00aa Bienal Internacional do Livro de S\u00e3o Paulo, participando do lan\u00e7amento de sua obra no estande da Editora Hip\u00f3crates. O encontro acontece a partir das 11h, no estande 33, dentro do Distrito Anhembi, onde ser\u00e1 realizada a edi\u00e7\u00e3o de 2026 da Bienal. O evento re\u00fane centenas de expositores e autores e tem expectativa de receber mais de 700 mil visitantes. 30 anos de excel\u00eancia editorial A participa\u00e7\u00e3o tamb\u00e9m celebra os 30 anos da Editora Hip\u00f3crates, que recebe o lan\u00e7amento da obra de Don Policarpo durante um dos principais encontros liter\u00e1rios do pa\u00eds. O destaque fica para \u201cA Trilogia Po\u00e9tica Cantante\u201d, projeto que representa a uni\u00e3o entre poesia, literatura e m\u00fasica e traduz a proposta art\u00edstica de Don Policarpo de levar a palavra para diferentes formas de express\u00e3o. Literatura que encontra novos caminhos Estar na Bienal \u00e9 tamb\u00e9m ocupar um espa\u00e7o de grande relev\u00e2ncia para a literatura brasileira, aproximando autores, leitores e diferentes manifesta\u00e7\u00f5es culturais. Para Don Policarpo, o momento refor\u00e7a uma trajet\u00f3ria constru\u00edda entre poesia, m\u00fasica, literatura e cultura, levando sua produ\u00e7\u00e3o a novos p\u00fablicos e fortalecendo a presen\u00e7a de sua obra no cen\u00e1rio cultural. \ud83d\udcda 28\u00aa Bienal Internacional do Livro de S\u00e3o Paulo\ud83d\udcc5 10 de setembro de 2026\u23f0 A partir das 11h\ud83d\udccd Distrito Anhembi \u2013 S\u00e3o Paulo\ud83d\udcd6 Estande 33 \u2013 Editora Hip\u00f3crates Um encontro entre autor, obra e leitores. Uma celebra\u00e7\u00e3o da palavra cantada, escrita e vivida. Confira a programa\u00e7\u00e3o oficial da Bienal","og_url":"https:\/\/donpolicarpo.com.br\/blog\/2026\/09\/03\/don-policarpo-participa-da-28a-bienal-internacional-do-livro-de-sao-paulo\/","og_site_name":"Blog - Don Policarpo","article_published_time":"2026-09-03T00:11:17+00:00","article_modified_time":"2026-09-03T00:11:36+00:00","og_image":[{"width":1200,"height":628,"url":"https:\/\/donpolicarpo.com.br\/blog\/wp-content\/uploads\/2026\/09\/hipocrates.jpg","type":"image\/jpeg"}],"author":"Don Policarpo","twitter_card":"summary_large_image","twitter_misc":{"Escrito por":"Don Policarpo","Tempo estimado de leitura":"3 minutos"},"schema":{"@context":"https:\/\/schema.org","@graph":[{"@type":"Article","@id":"https:\/\/donpolicarpo.com.br\/blog\/2026\/09\/03\/don-policarpo-participa-da-28a-bienal-internacional-do-livro-de-sao-paulo\/#article","isPartOf":{"@id":"https:\/\/donpolicarpo.com.br\/blog\/2026\/09\/03\/don-policarpo-participa-da-28a-bienal-internacional-do-livro-de-sao-paulo\/"},"author":{"name":"Don Policarpo","@id":"https:\/\/donpolicarpo.com.br\/blog\/#\/schema\/person\/4ef36e9e5b9fe731bd20948691fdce2b"},"headline":"Don Policarpo participa da 28\u00aa Bienal Internacional do Livro de S\u00e3o Paulo","datePublished":"2026-09-03T00:11:17+00:00","dateModified":"2026-09-03T00:11:36+00:00","mainEntityOfPage":{"@id":"https:\/\/donpolicarpo.com.br\/blog\/2026\/09\/03\/don-policarpo-participa-da-28a-bienal-internacional-do-livro-de-sao-paulo\/"},"wordCount":289,"commentCount":0,"publisher":{"@id":"https:\/\/donpolicarpo.com.br\/blog\/#\/schema\/person\/4ef36e9e5b9fe731bd20948691fdce2b"},"image":{"@id":"https:\/\/donpolicarpo.com.br\/blog\/2026\/09\/03\/don-policarpo-participa-da-28a-bienal-internacional-do-livro-de-sao-paulo\/#primaryimage"},"thumbnailUrl":"https:\/\/donpolicarpo.com.br\/blog\/wp-content\/uploads\/2026\/09\/hipocrates.jpg","articleSection":["Arte"],"inLanguage":"pt-PT","potentialAction":[{"@type":"CommentAction","name":"Comment","target":["https:\/\/donpolicarpo.com.br\/blog\/2026\/09\/03\/don-policarpo-participa-da-28a-bienal-internacional-do-livro-de-sao-paulo\/#respond"]}]},{"@type":"WebPage","@id":"https:\/\/donpolicarpo.com.br\/blog\/2026\/09\/03\/don-policarpo-participa-da-28a-bienal-internacional-do-livro-de-sao-paulo\/","url":"https:\/\/donpolicarpo.com.br\/blog\/2026\/09\/03\/don-policarpo-participa-da-28a-bienal-internacional-do-livro-de-sao-paulo\/","name":"Don Policarpo participa da 28\u00aa Bienal Internacional do Livro de S\u00e3o Paulo - Blog - Don Policarpo","isPartOf":{"@id":"https:\/\/donpolicarpo.com.br\/blog\/#website"},"primaryImageOfPage":{"@id":"https:\/\/donpolicarpo.com.br\/blog\/2026\/09\/03\/don-policarpo-participa-da-28a-bienal-internacional-do-livro-de-sao-paulo\/#primaryimage"},"image":{"@id":"https:\/\/donpolicarpo.com.br\/blog\/2026\/09\/03\/don-policarpo-participa-da-28a-bienal-internacional-do-livro-de-sao-paulo\/#primaryimage"},"thumbnailUrl":"https:\/\/donpolicarpo.com.br\/blog\/wp-content\/uploads\/2026\/09\/hipocrates.jpg","datePublished":"2026-09-03T00:11:17+00:00","dateModified":"2026-09-03T00:11:36+00:00","breadcrumb":{"@id":"https:\/\/donpolicarpo.com.br\/blog\/2026\/09\/03\/don-policarpo-participa-da-28a-bienal-internacional-do-livro-de-sao-paulo\/#breadcrumb"},"inLanguage":"pt-PT","potentialAction":[{"@type":"ReadAction","target":["https:\/\/donpolicarpo.com.br\/blog\/2026\/09\/03\/don-policarpo-participa-da-28a-bienal-internacional-do-livro-de-sao-paulo\/"]}]},{"@type":"ImageObject","inLanguage":"pt-PT","@id":"https:\/\/donpolicarpo.com.br\/blog\/2026\/09\/03\/don-policarpo-participa-da-28a-bienal-internacional-do-livro-de-sao-paulo\/#primaryimage","url":"https:\/\/donpolicarpo.com.br\/blog\/wp-content\/uploads\/2026\/09\/hipocrates.jpg","contentUrl":"https:\/\/donpolicarpo.com.br\/blog\/wp-content\/uploads\/2026\/09\/hipocrates.jpg","width":1200,"height":628},{"@type":"BreadcrumbList","@id":"https:\/\/donpolicarpo.com.br\/blog\/2026\/09\/03\/don-policarpo-participa-da-28a-bienal-internacional-do-livro-de-sao-paulo\/#breadcrumb","itemListElement":[{"@type":"ListItem","position":1,"name":"Home","item":"https:\/\/donpolicarpo.com.br\/blog\/"},{"@type":"ListItem","position":2,"name":"Don Policarpo participa da 28\u00aa Bienal Internacional do Livro de S\u00e3o Paulo"}]},{"@type":"WebSite","@id":"https:\/\/donpolicarpo.com.br\/blog\/#website","url":"https:\/\/donpolicarpo.com.br\/blog\/","name":"Blog - Don Policarpo","description":"","publisher":{"@id":"https:\/\/donpolicarpo.com.br\/blog\/#\/schema\/person\/4ef36e9e5b9fe731bd20948691fdce2b"},"potentialAction":[{"@type":"SearchAction","target":{"@type":"EntryPoint","urlTemplate":"https:\/\/donpolicarpo.com.br\/blog\/?s={search_term_string}"},"query-input":{"@type":"PropertyValueSpecification","valueRequired":true,"valueName":"search_term_string"}}],"inLanguage":"pt-PT"},{"@type":["Person","Organization"],"@id":"https:\/\/donpolicarpo.com.br\/blog\/#\/schema\/person\/4ef36e9e5b9fe731bd20948691fdce2b","name":"Don Policarpo","image":{"@type":"ImageObject","inLanguage":"pt-PT","@id":"https:\/\/donpolicarpo.com.br\/blog\/wp-content\/uploads\/2025\/01\/Perfil.jpg","url":"https:\/\/donpolicarpo.com.br\/blog\/wp-content\/uploads\/2025\/01\/Perfil.jpg","contentUrl":"https:\/\/donpolicarpo.com.br\/blog\/wp-content\/uploads\/2025\/01\/Perfil.jpg","width":1080,"height":1080,"caption":"Don Policarpo"},"logo":{"@id":"https:\/\/donpolicarpo.com.br\/blog\/wp-content\/uploads\/2025\/01\/Perfil.jpg"},"description":"Escritor, poeta, compositor. Lan\u00e7ou Ma\u00e7\u00e3, A \u00c1rvore dos Alados e A Magia da Poesia Cantante Vol.2, entre outros. O autor convida todos a se entenderem como cidad\u00e3os de um mundo profundamente lesionado pela crise ambiental, com uma linguagem l\u00fadica, as obras ressaltam a necessidade de proteger o planeta, a import\u00e2ncia da educa\u00e7\u00e3o familiar e ambiental, al\u00e9m da valoriza\u00e7\u00e3o da mem\u00f3ria ancestral e afetiva.","sameAs":["https:\/\/donpolicarpo.com.br\/blog","https:\/\/www.instagram.com\/donpolicarpo\/","https:\/\/www.youtube.com\/@falapoli"],"url":"https:\/\/donpolicarpo.com.br\/blog\/author\/policarpo\/"}]}},"uagb_featured_image_src":{"full":["https:\/\/donpolicarpo.com.br\/blog\/wp-content\/uploads\/2026\/09\/hipocrates.jpg",1200,628,false],"thumbnail":["https:\/\/donpolicarpo.com.br\/blog\/wp-content\/uploads\/2026\/09\/hipocrates-150x150.jpg",150,150,true],"medium":["https:\/\/donpolicarpo.com.br\/blog\/wp-content\/uploads\/2026\/09\/hipocrates-300x157.jpg",300,157,true],"medium_large":["https:\/\/donpolicarpo.com.br\/blog\/wp-content\/uploads\/2026\/09\/hipocrates-768x402.jpg",768,402,true],"large":["https:\/\/donpolicarpo.com.br\/blog\/wp-content\/uploads\/2026\/09\/hipocrates-1024x536.jpg",1024,536,true],"1536x1536":["https:\/\/donpolicarpo.com.br\/blog\/wp-content\/uploads\/2026\/09\/hipocrates.jpg",1200,628,false],"2048x2048":["https:\/\/donpolicarpo.com.br\/blog\/wp-content\/uploads\/2026\/09\/hipocrates.jpg",1200,628,false]},"uagb_author_info":{"display_name":"Don Policarpo","author_link":"https:\/\/donpolicarpo.com.br\/blog\/author\/policarpo\/"},"uagb_comment_info":0,"uagb_excerpt":"A literatura ganha mais um momento especial na trajet\u00f3ria de Don Policarpo. No dia 10 de setembro de 2026, o artista estar\u00e1 presente na 28\u00aa Bienal Internacional do Livro de S\u00e3o Paulo, participando do lan\u00e7amento de sua obra no estande da Editora Hip\u00f3crates. O encontro acontece a partir das 11h, no estande 33, dentro do&hellip;","_links":{"self":[{"href":"https:\/\/donpolicarpo.com.br\/blog\/wp-json\/wp\/v2\/posts\/2046","targetHints":{"allow":["GET"]}}],"collection":[{"href":"https:\/\/donpolicarpo.com.br\/blog\/wp-json\/wp\/v2\/posts"}],"about":[{"href":"https:\/\/donpolicarpo.com.br\/blog\/wp-json\/wp\/v2\/types\/post"}],"author":[{"embeddable":true,"href":"https:\/\/donpolicarpo.com.br\/blog\/wp-json\/wp\/v2\/users\/2"}],"replies":[{"embeddable":true,"href":"https:\/\/donpolicarpo.com.br\/blog\/wp-json\/wp\/v2\/comments?post=2046"}],"version-history":[{"count":4,"href":"https:\/\/donpolicarpo.com.br\/blog\/wp-json\/wp\/v2\/posts\/2046\/revisions"}],"predecessor-version":[{"id":2051,"href":"https:\/\/donpolicarpo.com.br\/blog\/wp-json\/wp\/v2\/posts\/2046\/revisions\/2051"}],"wp:featuredmedia":[{"embeddable":true,"href":"https:\/\/donpolicarpo.com.br\/blog\/wp-json\/wp\/v2\/media\/2047"}],"wp:attachment":[{"href":"https:\/\/donpolicarpo.com.br\/blog\/wp-json\/wp\/v2\/media?parent=2046"}],"wp:term":[{"taxonomy":"category","embeddable":true,"href":"https:\/\/donpolicarpo.com.br\/blog\/wp-json\/wp\/v2\/categories?post=2046"},{"taxonomy":"post_tag","embeddable":true,"href":"https:\/\/donpolicarpo.com.br\/blog\/wp-json\/wp\/v2\/tags?post=2046"}],"curies":[{"name":"wp","href":"https:\/\/api.w.org\/{rel}","templated":true}]}}