{"id":2024,"date":"2026-08-28T20:45:00","date_gmt":"2026-08-28T20:45:00","guid":{"rendered":"https:\/\/donpolicarpo.com.br\/blog\/?p=2024"},"modified":"2026-09-02T23:58:48","modified_gmt":"2026-09-02T23:58:48","slug":"don-policarpo-fortalece-parceria-cultural-com-o-podcast-tv-nas-ruas-de-carlinhos-periferia","status":"publish","type":"post","link":"https:\/\/donpolicarpo.com.br\/blog\/2026\/08\/28\/don-policarpo-fortalece-parceria-cultural-com-o-podcast-tv-nas-ruas-de-carlinhos-periferia\/","title":{"rendered":"Don Policarpo fortalece parceria cultural com o Podcast TV nas Ruas, de Carlinhos Periferia"},"content":{"rendered":"\t\t<div data-elementor-type=\"wp-post\" data-elementor-id=\"2024\" class=\"elementor elementor-2024\">\n\t\t\t\t<div class=\"elementor-element elementor-element-1265851a e-flex e-con-boxed wpr-particle-no wpr-jarallax-no wpr-parallax-no wpr-sticky-section-no wpr-column-slider-no wpr-equal-height-no e-con e-parent\" data-id=\"1265851a\" data-element_type=\"container\" data-e-type=\"container\">\n\t\t\t\t\t<div class=\"e-con-inner\">\n\t\t\t\t<div class=\"elementor-element elementor-element-1d9615f9 elementor-widget elementor-widget-text-editor\" data-id=\"1d9615f9\" data-element_type=\"widget\" data-e-type=\"widget\" data-widget_type=\"text-editor.default\">\n\t\t\t\t<div class=\"elementor-widget-container\">\n\t\t\t\t\t\t\t\t\t\n<p class=\"wp-block-paragraph\">A cultura nasce do encontro. E quando diferentes linguagens art\u00edsticas se aproximam, novas possibilidades de express\u00e3o, di\u00e1logo e transforma\u00e7\u00e3o surgem. \u00c9 nesse esp\u00edrito que <strong>Don Policarpo<\/strong> estabelece uma parceria de <strong>apoio cultural com o Podcast TV nas Ruas<\/strong>, projeto idealizado pelo cineasta e artista <strong>Carlinhos Periferia<\/strong>.<\/p>\n\n<p class=\"wp-block-paragraph\">A iniciativa aproxima universos que sempre estiveram conectados: <strong>a cultura das ruas, a literatura, a m\u00fasica e o audiovisual<\/strong>, criando um espa\u00e7o para que artistas e suas hist\u00f3rias possam circular, ganhar visibilidade e alcan\u00e7ar novos p\u00fablicos.<\/p>\n\n<h2 class=\"wp-block-heading\">Da rua para as telas, das telas para a palavra<\/h2>\n\n<p class=\"wp-block-paragraph\">Carlinhos Periferia tem uma trajet\u00f3ria constru\u00edda a partir da cultura perif\u00e9rica e do hip hop. Al\u00e9m de sua atua\u00e7\u00e3o no audiovisual, \u00e9 respons\u00e1vel pelo projeto <strong>TV nas Ruas<\/strong>, criado com o prop\u00f3sito de fortalecer artistas e utilizar a comunica\u00e7\u00e3o como ferramenta de transforma\u00e7\u00e3o.<\/p>\n\n<p class=\"wp-block-paragraph\">Seu trabalho ganhou tamb\u00e9m as telas do cinema com <strong>\u201cElas do Cap\u00e3o\u201d<\/strong>, seu primeiro longa-metragem, produzido de forma independente e constru\u00eddo majoritariamente com artistas e moradores das periferias de S\u00e3o Paulo. O filme aborda quest\u00f5es como viol\u00eancia, feminic\u00eddio, preconceito e sobreviv\u00eancia a partir das experi\u00eancias de mulheres perif\u00e9ricas.<\/p>\n\n<p class=\"wp-block-paragraph\">A produ\u00e7\u00e3o representa uma importante conex\u00e3o com a trajet\u00f3ria de Don Policarpo, que tamb\u00e9m participou do filme e integrou esse processo de constru\u00e7\u00e3o coletiva atrav\u00e9s da arte.<\/p>\n\n<h2 class=\"wp-block-heading\">Uma parceria que conecta diferentes linguagens<\/h2>\n\n<p class=\"wp-block-paragraph\">A parceria entre Don Policarpo e o <strong>TV nas Ruas<\/strong> nasce justamente desse ponto de encontro.<\/p>\n\n<p class=\"wp-block-paragraph\">De um lado, a literatura e a m\u00fasica como formas de express\u00e3o, mem\u00f3ria e identidade. Do outro, o audiovisual e a comunica\u00e7\u00e3o das ruas como ferramentas para registrar, compartilhar e amplificar essas hist\u00f3rias.<\/p>\n\n<p class=\"wp-block-paragraph\">O resultado \u00e9 uma colabora\u00e7\u00e3o que entende a cultura n\u00e3o como algo separado em categorias, mas como um grande territ\u00f3rio de possibilidades.<\/p>\n\n<p class=\"wp-block-paragraph\"><strong>Literatura encontra m\u00fasica.<br \/>M\u00fasica encontra cinema.<br \/>Cinema encontra a rua.<br \/>E a rua encontra novas vozes.<\/strong><\/p>\n\n<p class=\"wp-block-paragraph\">Essa integra\u00e7\u00e3o tamb\u00e9m dialoga diretamente com a trajet\u00f3ria de Carlinhos Periferia, que transitou do rap para o audiovisual e criou o TV nas Ruas com a proposta de fortalecer artistas atrav\u00e9s da cultura.<\/p>\n\n<h2 class=\"wp-block-heading\">Don Policarpo: literatura que tamb\u00e9m ocupa as ruas<\/h2>\n\n<p class=\"wp-block-paragraph\">A participa\u00e7\u00e3o de Don Policarpo nessa parceria refor\u00e7a sua atua\u00e7\u00e3o como artista que transita por diferentes formatos e espa\u00e7os.<\/p>\n\n<p class=\"wp-block-paragraph\">Sua presen\u00e7a no projeto amplia o di\u00e1logo entre <strong>poesia, literatura, m\u00fasica e cultura urbana<\/strong>, levando a palavra para al\u00e9m dos livros e aproximando-a de outras manifesta\u00e7\u00f5es art\u00edsticas.<\/p>\n\n<p class=\"wp-block-paragraph\">Mais do que uma parceria institucional, o apoio cultural ao TV nas Ruas representa uma escolha por <strong>valorizar quem produz cultura a partir das pr\u00f3prias experi\u00eancias, territ\u00f3rios e viv\u00eancias<\/strong>.<\/p>\n\n<p class=\"wp-block-paragraph\">\u00c9 sobre reconhecer a pot\u00eancia de artistas independentes, abrir caminhos e criar conex\u00f5es.<\/p>\n\n<h2 class=\"wp-block-heading\">Cultura feita por quem vive a cultura<\/h2>\n\n<p class=\"wp-block-paragraph\">O trabalho desenvolvido por Carlinhos Periferia e pelo TV nas Ruas parte de uma perspectiva essencial: contar hist\u00f3rias a partir de dentro.<\/p>\n\n<p class=\"wp-block-paragraph\">\u201c<strong>Elas do Cap\u00e3o<\/strong>\u201d \u00e9 um exemplo dessa proposta. O filme foi constru\u00eddo com forte participa\u00e7\u00e3o de pessoas das periferias e teve suas loca\u00e7\u00f5es concentradas no Cap\u00e3o Redondo e bairros da regi\u00e3o, transformando o territ\u00f3rio em parte fundamental da narrativa.<\/p>\n\n<p class=\"wp-block-paragraph\">\u00c9 essa mesma l\u00f3gica que inspira a parceria com Don Policarpo: <strong>fortalecer a cultura produzida nas ruas, valorizar seus artistas e aproximar diferentes linguagens para que novas hist\u00f3rias possam ser contadas.<\/strong><\/p>\n\n<h3 class=\"wp-block-heading\">Um encontro que continua<\/h3>\n\n<p class=\"wp-block-paragraph\">A parceria entre Don Policarpo e o Podcast TV nas Ruas representa mais um passo na constru\u00e7\u00e3o de uma rede cultural baseada em colabora\u00e7\u00e3o, diversidade e express\u00e3o.<\/p>\n\n<p class=\"wp-block-paragraph\">Porque quando <strong>a m\u00fasica, a literatura, o cinema e a cultura urbana<\/strong> caminham juntos, a arte ganha novas vozes, novos espa\u00e7os e novas possibilidades.<\/p>\n\n<p class=\"wp-block-paragraph\"><strong>Don Policarpo + TV nas Ruas.<br \/>Cultura que nasce na rua, ganha voz e segue em movimento.<\/strong><\/p>\n\t\t\t\t\t\t\t\t<\/div>\n\t\t\t\t<\/div>\n\t\t\t\t<div class=\"elementor-element elementor-element-85ebccf elementor-widget elementor-widget-video\" data-id=\"85ebccf\" data-element_type=\"widget\" data-e-type=\"widget\" data-settings=\"{&quot;video_type&quot;:&quot;hosted&quot;,&quot;controls&quot;:&quot;yes&quot;}\" data-widget_type=\"video.default\">\n\t\t\t\t<div class=\"elementor-widget-container\">\n\t\t\t\t\t\t\t<div class=\"e-hosted-video elementor-wrapper elementor-open-inline\">\n\t\t\t\t\t<video class=\"elementor-video\" src=\"https:\/\/donpolicarpo.com.br\/blog\/wp-content\/uploads\/2026\/09\/tvnasruas.mp4\" controls=\"\" preload=\"metadata\" controlsList=\"nodownload\"><\/video>\n\t\t\t\t<\/div>\n\t\t\t\t\t\t<\/div>\n\t\t\t\t<\/div>\n\t\t\t\t\t<\/div>\n\t\t\t\t<\/div>\n\t\t\t\t<\/div>\n\t\t","protected":false},"excerpt":{"rendered":"<p>A cultura nasce do encontro. E quando diferentes linguagens art\u00edsticas se aproximam, novas possibilidades de express\u00e3o, di\u00e1logo e transforma\u00e7\u00e3o surgem. \u00c9 nesse esp\u00edrito que Don Policarpo estabelece uma parceria de apoio cultural com o Podcast TV nas Ruas, projeto idealizado pelo cineasta e artista Carlinhos Periferia. A iniciativa aproxima universos que sempre estiveram conectados: a cultura das ruas, a literatura, a m\u00fasica e o audiovisual, criando um espa\u00e7o para que artistas e suas hist\u00f3rias possam circular, ganhar visibilidade e alcan\u00e7ar novos p\u00fablicos. Da rua para as telas, das telas para a palavra Carlinhos Periferia tem uma trajet\u00f3ria constru\u00edda a partir da cultura perif\u00e9rica e do hip hop. Al\u00e9m de sua atua\u00e7\u00e3o no audiovisual, \u00e9 respons\u00e1vel pelo projeto TV nas Ruas, criado com o prop\u00f3sito de fortalecer artistas e utilizar a comunica\u00e7\u00e3o como ferramenta de transforma\u00e7\u00e3o. Seu trabalho ganhou tamb\u00e9m as telas do cinema com \u201cElas do Cap\u00e3o\u201d, seu primeiro longa-metragem, produzido de forma independente e constru\u00eddo majoritariamente com artistas e moradores das periferias de S\u00e3o Paulo. O filme aborda quest\u00f5es como viol\u00eancia, feminic\u00eddio, preconceito e sobreviv\u00eancia a partir das experi\u00eancias de mulheres perif\u00e9ricas. A produ\u00e7\u00e3o representa uma importante conex\u00e3o com a trajet\u00f3ria de Don Policarpo, que tamb\u00e9m participou do filme e integrou esse processo de constru\u00e7\u00e3o coletiva atrav\u00e9s da arte. Uma parceria que conecta diferentes linguagens A parceria entre Don Policarpo e o TV nas Ruas nasce justamente desse ponto de encontro. De um lado, a literatura e a m\u00fasica como formas de express\u00e3o, mem\u00f3ria e identidade. Do outro, o audiovisual e a comunica\u00e7\u00e3o das ruas como ferramentas para registrar, compartilhar e amplificar essas hist\u00f3rias. O resultado \u00e9 uma colabora\u00e7\u00e3o que entende a cultura n\u00e3o como algo separado em categorias, mas como um grande territ\u00f3rio de possibilidades. Literatura encontra m\u00fasica.M\u00fasica encontra cinema.Cinema encontra a rua.E a rua encontra novas vozes. Essa integra\u00e7\u00e3o tamb\u00e9m dialoga diretamente com a trajet\u00f3ria de Carlinhos Periferia, que transitou do rap para o audiovisual e criou o TV nas Ruas com a proposta de fortalecer artistas atrav\u00e9s da cultura. Don Policarpo: literatura que tamb\u00e9m ocupa as ruas A participa\u00e7\u00e3o de Don Policarpo nessa parceria refor\u00e7a sua atua\u00e7\u00e3o como artista que transita por diferentes formatos e espa\u00e7os. Sua presen\u00e7a no projeto amplia o di\u00e1logo entre poesia, literatura, m\u00fasica e cultura urbana, levando a palavra para al\u00e9m dos livros e aproximando-a de outras manifesta\u00e7\u00f5es art\u00edsticas. Mais do que uma parceria institucional, o apoio cultural ao TV nas Ruas representa uma escolha por valorizar quem produz cultura a partir das pr\u00f3prias experi\u00eancias, territ\u00f3rios e viv\u00eancias. \u00c9 sobre reconhecer a pot\u00eancia de artistas independentes, abrir caminhos e criar conex\u00f5es. Cultura feita por quem vive a cultura O trabalho desenvolvido por Carlinhos Periferia e pelo TV nas Ruas parte de uma perspectiva essencial: contar hist\u00f3rias a partir de dentro. \u201cElas do Cap\u00e3o\u201d \u00e9 um exemplo dessa proposta. O filme foi constru\u00eddo com forte participa\u00e7\u00e3o de pessoas das periferias e teve suas loca\u00e7\u00f5es concentradas no Cap\u00e3o Redondo e bairros da regi\u00e3o, transformando o territ\u00f3rio em parte fundamental da narrativa. \u00c9 essa mesma l\u00f3gica que inspira a parceria com Don Policarpo: fortalecer a cultura produzida nas ruas, valorizar seus artistas e aproximar diferentes linguagens para que novas hist\u00f3rias possam ser contadas. Um encontro que continua A parceria entre Don Policarpo e o Podcast TV nas Ruas representa mais um passo na constru\u00e7\u00e3o de uma rede cultural baseada em colabora\u00e7\u00e3o, diversidade e express\u00e3o. Porque quando a m\u00fasica, a literatura, o cinema e a cultura urbana caminham juntos, a arte ganha novas vozes, novos espa\u00e7os e novas possibilidades. Don Policarpo + TV nas Ruas.Cultura que nasce na rua, ganha voz e segue em movimento. https:\/\/donpolicarpo.com.br\/blog\/wp-content\/uploads\/2026\/09\/tvnasruas.mp4<\/p>\n","protected":false},"author":2,"featured_media":2025,"comment_status":"open","ping_status":"open","sticky":false,"template":"","format":"standard","meta":{"_uag_custom_page_level_css":"","site-sidebar-layout":"default","site-content-layout":"","ast-site-content-layout":"default","site-content-style":"default","site-sidebar-style":"default","ast-global-header-display":"","ast-banner-title-visibility":"","ast-main-header-display":"","ast-hfb-above-header-display":"","ast-hfb-below-header-display":"","ast-hfb-mobile-header-display":"","site-post-title":"","ast-breadcrumbs-content":"","ast-featured-img":"","footer-sml-layout":"","ast-disable-related-posts":"","theme-transparent-header-meta":"","adv-header-id-meta":"","stick-header-meta":"","header-above-stick-meta":"","header-main-stick-meta":"","header-below-stick-meta":"","astra-migrate-meta-layouts":"default","ast-page-background-enabled":"default","ast-page-background-meta":{"desktop":{"background-color":"var(--ast-global-color-5)","background-image":"","background-repeat":"repeat","background-position":"center center","background-size":"auto","background-attachment":"scroll","background-type":"","background-media":"","overlay-type":"","overlay-color":"","overlay-opacity":"","overlay-gradient":""},"tablet":{"background-color":"","background-image":"","background-repeat":"repeat","background-position":"center center","background-size":"auto","background-attachment":"scroll","background-type":"","background-media":"","overlay-type":"","overlay-color":"","overlay-opacity":"","overlay-gradient":""},"mobile":{"background-color":"","background-image":"","background-repeat":"repeat","background-position":"center center","background-size":"auto","background-attachment":"scroll","background-type":"","background-media":"","overlay-type":"","overlay-color":"","overlay-opacity":"","overlay-gradient":""}},"ast-content-background-meta":{"desktop":{"background-color":"var(--ast-global-color-4)","background-image":"","background-repeat":"repeat","background-position":"center center","background-size":"auto","background-attachment":"scroll","background-type":"","background-media":"","overlay-type":"","overlay-color":"","overlay-opacity":"","overlay-gradient":""},"tablet":{"background-color":"var(--ast-global-color-4)","background-image":"","background-repeat":"repeat","background-position":"center center","background-size":"auto","background-attachment":"scroll","background-type":"","background-media":"","overlay-type":"","overlay-color":"","overlay-opacity":"","overlay-gradient":""},"mobile":{"background-color":"var(--ast-global-color-4)","background-image":"","background-repeat":"repeat","background-position":"center center","background-size":"auto","background-attachment":"scroll","background-type":"","background-media":"","overlay-type":"","overlay-color":"","overlay-opacity":"","overlay-gradient":""}},"footnotes":""},"categories":[22],"tags":[],"class_list":["post-2024","post","type-post","status-publish","format-standard","has-post-thumbnail","hentry","category-arte"],"yoast_head":"<!-- This site is optimized with the Yoast SEO plugin v28.2 - https:\/\/yoast.com\/product\/yoast-seo-wordpress\/ -->\n<title>Don Policarpo fortalece parceria cultural com o Podcast TV nas Ruas, de Carlinhos Periferia - Blog - Don Policarpo<\/title>\n<meta name=\"robots\" content=\"index, follow, max-snippet:-1, max-image-preview:large, max-video-preview:-1\" \/>\n<link rel=\"canonical\" href=\"https:\/\/donpolicarpo.com.br\/blog\/2026\/08\/28\/don-policarpo-fortalece-parceria-cultural-com-o-podcast-tv-nas-ruas-de-carlinhos-periferia\/\" \/>\n<meta property=\"og:locale\" content=\"pt_PT\" \/>\n<meta property=\"og:type\" content=\"article\" \/>\n<meta property=\"og:title\" content=\"Don Policarpo fortalece parceria cultural com o Podcast TV nas Ruas, de Carlinhos Periferia - Blog - Don Policarpo\" \/>\n<meta property=\"og:description\" content=\"A cultura nasce do encontro. E quando diferentes linguagens art\u00edsticas se aproximam, novas possibilidades de express\u00e3o, di\u00e1logo e transforma\u00e7\u00e3o surgem. \u00c9 nesse esp\u00edrito que Don Policarpo estabelece uma parceria de apoio cultural com o Podcast TV nas Ruas, projeto idealizado pelo cineasta e artista Carlinhos Periferia. A iniciativa aproxima universos que sempre estiveram conectados: a cultura das ruas, a literatura, a m\u00fasica e o audiovisual, criando um espa\u00e7o para que artistas e suas hist\u00f3rias possam circular, ganhar visibilidade e alcan\u00e7ar novos p\u00fablicos. Da rua para as telas, das telas para a palavra Carlinhos Periferia tem uma trajet\u00f3ria constru\u00edda a partir da cultura perif\u00e9rica e do hip hop. Al\u00e9m de sua atua\u00e7\u00e3o no audiovisual, \u00e9 respons\u00e1vel pelo projeto TV nas Ruas, criado com o prop\u00f3sito de fortalecer artistas e utilizar a comunica\u00e7\u00e3o como ferramenta de transforma\u00e7\u00e3o. Seu trabalho ganhou tamb\u00e9m as telas do cinema com \u201cElas do Cap\u00e3o\u201d, seu primeiro longa-metragem, produzido de forma independente e constru\u00eddo majoritariamente com artistas e moradores das periferias de S\u00e3o Paulo. O filme aborda quest\u00f5es como viol\u00eancia, feminic\u00eddio, preconceito e sobreviv\u00eancia a partir das experi\u00eancias de mulheres perif\u00e9ricas. A produ\u00e7\u00e3o representa uma importante conex\u00e3o com a trajet\u00f3ria de Don Policarpo, que tamb\u00e9m participou do filme e integrou esse processo de constru\u00e7\u00e3o coletiva atrav\u00e9s da arte. Uma parceria que conecta diferentes linguagens A parceria entre Don Policarpo e o TV nas Ruas nasce justamente desse ponto de encontro. De um lado, a literatura e a m\u00fasica como formas de express\u00e3o, mem\u00f3ria e identidade. Do outro, o audiovisual e a comunica\u00e7\u00e3o das ruas como ferramentas para registrar, compartilhar e amplificar essas hist\u00f3rias. O resultado \u00e9 uma colabora\u00e7\u00e3o que entende a cultura n\u00e3o como algo separado em categorias, mas como um grande territ\u00f3rio de possibilidades. Literatura encontra m\u00fasica.M\u00fasica encontra cinema.Cinema encontra a rua.E a rua encontra novas vozes. Essa integra\u00e7\u00e3o tamb\u00e9m dialoga diretamente com a trajet\u00f3ria de Carlinhos Periferia, que transitou do rap para o audiovisual e criou o TV nas Ruas com a proposta de fortalecer artistas atrav\u00e9s da cultura. Don Policarpo: literatura que tamb\u00e9m ocupa as ruas A participa\u00e7\u00e3o de Don Policarpo nessa parceria refor\u00e7a sua atua\u00e7\u00e3o como artista que transita por diferentes formatos e espa\u00e7os. Sua presen\u00e7a no projeto amplia o di\u00e1logo entre poesia, literatura, m\u00fasica e cultura urbana, levando a palavra para al\u00e9m dos livros e aproximando-a de outras manifesta\u00e7\u00f5es art\u00edsticas. Mais do que uma parceria institucional, o apoio cultural ao TV nas Ruas representa uma escolha por valorizar quem produz cultura a partir das pr\u00f3prias experi\u00eancias, territ\u00f3rios e viv\u00eancias. \u00c9 sobre reconhecer a pot\u00eancia de artistas independentes, abrir caminhos e criar conex\u00f5es. Cultura feita por quem vive a cultura O trabalho desenvolvido por Carlinhos Periferia e pelo TV nas Ruas parte de uma perspectiva essencial: contar hist\u00f3rias a partir de dentro. \u201cElas do Cap\u00e3o\u201d \u00e9 um exemplo dessa proposta. O filme foi constru\u00eddo com forte participa\u00e7\u00e3o de pessoas das periferias e teve suas loca\u00e7\u00f5es concentradas no Cap\u00e3o Redondo e bairros da regi\u00e3o, transformando o territ\u00f3rio em parte fundamental da narrativa. \u00c9 essa mesma l\u00f3gica que inspira a parceria com Don Policarpo: fortalecer a cultura produzida nas ruas, valorizar seus artistas e aproximar diferentes linguagens para que novas hist\u00f3rias possam ser contadas. Um encontro que continua A parceria entre Don Policarpo e o Podcast TV nas Ruas representa mais um passo na constru\u00e7\u00e3o de uma rede cultural baseada em colabora\u00e7\u00e3o, diversidade e express\u00e3o. Porque quando a m\u00fasica, a literatura, o cinema e a cultura urbana caminham juntos, a arte ganha novas vozes, novos espa\u00e7os e novas possibilidades. Don Policarpo + TV nas Ruas.Cultura que nasce na rua, ganha voz e segue em movimento. https:\/\/donpolicarpo.com.br\/blog\/wp-content\/uploads\/2026\/09\/tvnasruas.mp4\" \/>\n<meta property=\"og:url\" content=\"https:\/\/donpolicarpo.com.br\/blog\/2026\/08\/28\/don-policarpo-fortalece-parceria-cultural-com-o-podcast-tv-nas-ruas-de-carlinhos-periferia\/\" \/>\n<meta property=\"og:site_name\" content=\"Blog - Don Policarpo\" \/>\n<meta property=\"article:published_time\" content=\"2026-08-28T20:45:00+00:00\" \/>\n<meta property=\"article:modified_time\" content=\"2026-09-02T23:58:48+00:00\" \/>\n<meta property=\"og:image\" content=\"https:\/\/donpolicarpo.com.br\/blog\/wp-content\/uploads\/2026\/09\/TV-NAS-RUAS.jpg\" \/>\n\t<meta property=\"og:image:width\" content=\"1200\" \/>\n\t<meta property=\"og:image:height\" content=\"628\" \/>\n\t<meta property=\"og:image:type\" content=\"image\/jpeg\" \/>\n<meta name=\"author\" content=\"Don Policarpo\" \/>\n<meta name=\"twitter:card\" content=\"summary_large_image\" \/>\n<meta name=\"twitter:label1\" content=\"Escrito por\" \/>\n\t<meta name=\"twitter:data1\" content=\"Don Policarpo\" \/>\n\t<meta name=\"twitter:label2\" content=\"Tempo estimado de leitura\" \/>\n\t<meta name=\"twitter:data2\" content=\"4 minutos\" \/>\n<script type=\"application\/ld+json\" class=\"yoast-schema-graph\">{\"@context\":\"https:\\\/\\\/schema.org\",\"@graph\":[{\"@type\":\"Article\",\"@id\":\"https:\\\/\\\/donpolicarpo.com.br\\\/blog\\\/2026\\\/08\\\/28\\\/don-policarpo-fortalece-parceria-cultural-com-o-podcast-tv-nas-ruas-de-carlinhos-periferia\\\/#article\",\"isPartOf\":{\"@id\":\"https:\\\/\\\/donpolicarpo.com.br\\\/blog\\\/2026\\\/08\\\/28\\\/don-policarpo-fortalece-parceria-cultural-com-o-podcast-tv-nas-ruas-de-carlinhos-periferia\\\/\"},\"author\":{\"name\":\"Don Policarpo\",\"@id\":\"https:\\\/\\\/donpolicarpo.com.br\\\/blog\\\/#\\\/schema\\\/person\\\/4ef36e9e5b9fe731bd20948691fdce2b\"},\"headline\":\"Don Policarpo fortalece parceria cultural com o Podcast TV nas Ruas, de Carlinhos Periferia\",\"datePublished\":\"2026-08-28T20:45:00+00:00\",\"dateModified\":\"2026-09-02T23:58:48+00:00\",\"mainEntityOfPage\":{\"@id\":\"https:\\\/\\\/donpolicarpo.com.br\\\/blog\\\/2026\\\/08\\\/28\\\/don-policarpo-fortalece-parceria-cultural-com-o-podcast-tv-nas-ruas-de-carlinhos-periferia\\\/\"},\"wordCount\":700,\"commentCount\":0,\"publisher\":{\"@id\":\"https:\\\/\\\/donpolicarpo.com.br\\\/blog\\\/#\\\/schema\\\/person\\\/4ef36e9e5b9fe731bd20948691fdce2b\"},\"image\":{\"@id\":\"https:\\\/\\\/donpolicarpo.com.br\\\/blog\\\/2026\\\/08\\\/28\\\/don-policarpo-fortalece-parceria-cultural-com-o-podcast-tv-nas-ruas-de-carlinhos-periferia\\\/#primaryimage\"},\"thumbnailUrl\":\"https:\\\/\\\/donpolicarpo.com.br\\\/blog\\\/wp-content\\\/uploads\\\/2026\\\/09\\\/TV-NAS-RUAS.jpg\",\"articleSection\":[\"Arte\"],\"inLanguage\":\"pt-PT\",\"potentialAction\":[{\"@type\":\"CommentAction\",\"name\":\"Comment\",\"target\":[\"https:\\\/\\\/donpolicarpo.com.br\\\/blog\\\/2026\\\/08\\\/28\\\/don-policarpo-fortalece-parceria-cultural-com-o-podcast-tv-nas-ruas-de-carlinhos-periferia\\\/#respond\"]}]},{\"@type\":\"WebPage\",\"@id\":\"https:\\\/\\\/donpolicarpo.com.br\\\/blog\\\/2026\\\/08\\\/28\\\/don-policarpo-fortalece-parceria-cultural-com-o-podcast-tv-nas-ruas-de-carlinhos-periferia\\\/\",\"url\":\"https:\\\/\\\/donpolicarpo.com.br\\\/blog\\\/2026\\\/08\\\/28\\\/don-policarpo-fortalece-parceria-cultural-com-o-podcast-tv-nas-ruas-de-carlinhos-periferia\\\/\",\"name\":\"Don Policarpo fortalece parceria cultural com o Podcast TV nas Ruas, de Carlinhos Periferia - Blog - Don Policarpo\",\"isPartOf\":{\"@id\":\"https:\\\/\\\/donpolicarpo.com.br\\\/blog\\\/#website\"},\"primaryImageOfPage\":{\"@id\":\"https:\\\/\\\/donpolicarpo.com.br\\\/blog\\\/2026\\\/08\\\/28\\\/don-policarpo-fortalece-parceria-cultural-com-o-podcast-tv-nas-ruas-de-carlinhos-periferia\\\/#primaryimage\"},\"image\":{\"@id\":\"https:\\\/\\\/donpolicarpo.com.br\\\/blog\\\/2026\\\/08\\\/28\\\/don-policarpo-fortalece-parceria-cultural-com-o-podcast-tv-nas-ruas-de-carlinhos-periferia\\\/#primaryimage\"},\"thumbnailUrl\":\"https:\\\/\\\/donpolicarpo.com.br\\\/blog\\\/wp-content\\\/uploads\\\/2026\\\/09\\\/TV-NAS-RUAS.jpg\",\"datePublished\":\"2026-08-28T20:45:00+00:00\",\"dateModified\":\"2026-09-02T23:58:48+00:00\",\"breadcrumb\":{\"@id\":\"https:\\\/\\\/donpolicarpo.com.br\\\/blog\\\/2026\\\/08\\\/28\\\/don-policarpo-fortalece-parceria-cultural-com-o-podcast-tv-nas-ruas-de-carlinhos-periferia\\\/#breadcrumb\"},\"inLanguage\":\"pt-PT\",\"potentialAction\":[{\"@type\":\"ReadAction\",\"target\":[\"https:\\\/\\\/donpolicarpo.com.br\\\/blog\\\/2026\\\/08\\\/28\\\/don-policarpo-fortalece-parceria-cultural-com-o-podcast-tv-nas-ruas-de-carlinhos-periferia\\\/\"]}]},{\"@type\":\"ImageObject\",\"inLanguage\":\"pt-PT\",\"@id\":\"https:\\\/\\\/donpolicarpo.com.br\\\/blog\\\/2026\\\/08\\\/28\\\/don-policarpo-fortalece-parceria-cultural-com-o-podcast-tv-nas-ruas-de-carlinhos-periferia\\\/#primaryimage\",\"url\":\"https:\\\/\\\/donpolicarpo.com.br\\\/blog\\\/wp-content\\\/uploads\\\/2026\\\/09\\\/TV-NAS-RUAS.jpg\",\"contentUrl\":\"https:\\\/\\\/donpolicarpo.com.br\\\/blog\\\/wp-content\\\/uploads\\\/2026\\\/09\\\/TV-NAS-RUAS.jpg\",\"width\":1200,\"height\":628},{\"@type\":\"BreadcrumbList\",\"@id\":\"https:\\\/\\\/donpolicarpo.com.br\\\/blog\\\/2026\\\/08\\\/28\\\/don-policarpo-fortalece-parceria-cultural-com-o-podcast-tv-nas-ruas-de-carlinhos-periferia\\\/#breadcrumb\",\"itemListElement\":[{\"@type\":\"ListItem\",\"position\":1,\"name\":\"Home\",\"item\":\"https:\\\/\\\/donpolicarpo.com.br\\\/blog\\\/\"},{\"@type\":\"ListItem\",\"position\":2,\"name\":\"Don Policarpo fortalece parceria cultural com o Podcast TV nas Ruas, de Carlinhos Periferia\"}]},{\"@type\":\"WebSite\",\"@id\":\"https:\\\/\\\/donpolicarpo.com.br\\\/blog\\\/#website\",\"url\":\"https:\\\/\\\/donpolicarpo.com.br\\\/blog\\\/\",\"name\":\"Blog - Don Policarpo\",\"description\":\"\",\"publisher\":{\"@id\":\"https:\\\/\\\/donpolicarpo.com.br\\\/blog\\\/#\\\/schema\\\/person\\\/4ef36e9e5b9fe731bd20948691fdce2b\"},\"potentialAction\":[{\"@type\":\"SearchAction\",\"target\":{\"@type\":\"EntryPoint\",\"urlTemplate\":\"https:\\\/\\\/donpolicarpo.com.br\\\/blog\\\/?s={search_term_string}\"},\"query-input\":{\"@type\":\"PropertyValueSpecification\",\"valueRequired\":true,\"valueName\":\"search_term_string\"}}],\"inLanguage\":\"pt-PT\"},{\"@type\":[\"Person\",\"Organization\"],\"@id\":\"https:\\\/\\\/donpolicarpo.com.br\\\/blog\\\/#\\\/schema\\\/person\\\/4ef36e9e5b9fe731bd20948691fdce2b\",\"name\":\"Don Policarpo\",\"image\":{\"@type\":\"ImageObject\",\"inLanguage\":\"pt-PT\",\"@id\":\"https:\\\/\\\/donpolicarpo.com.br\\\/blog\\\/wp-content\\\/uploads\\\/2025\\\/01\\\/Perfil.jpg\",\"url\":\"https:\\\/\\\/donpolicarpo.com.br\\\/blog\\\/wp-content\\\/uploads\\\/2025\\\/01\\\/Perfil.jpg\",\"contentUrl\":\"https:\\\/\\\/donpolicarpo.com.br\\\/blog\\\/wp-content\\\/uploads\\\/2025\\\/01\\\/Perfil.jpg\",\"width\":1080,\"height\":1080,\"caption\":\"Don Policarpo\"},\"logo\":{\"@id\":\"https:\\\/\\\/donpolicarpo.com.br\\\/blog\\\/wp-content\\\/uploads\\\/2025\\\/01\\\/Perfil.jpg\"},\"description\":\"Escritor, poeta, compositor. Lan\u00e7ou Ma\u00e7\u00e3, A \u00c1rvore dos Alados e A Magia da Poesia Cantante Vol.2, entre outros. O autor convida todos a se entenderem como cidad\u00e3os de um mundo profundamente lesionado pela crise ambiental, com uma linguagem l\u00fadica, as obras ressaltam a necessidade de proteger o planeta, a import\u00e2ncia da educa\u00e7\u00e3o familiar e ambiental, al\u00e9m da valoriza\u00e7\u00e3o da mem\u00f3ria ancestral e afetiva.\",\"sameAs\":[\"https:\\\/\\\/donpolicarpo.com.br\\\/blog\",\"https:\\\/\\\/www.instagram.com\\\/donpolicarpo\\\/\",\"https:\\\/\\\/www.youtube.com\\\/@falapoli\"],\"url\":\"https:\\\/\\\/donpolicarpo.com.br\\\/blog\\\/author\\\/policarpo\\\/\"}]}<\/script>\n<!-- \/ Yoast SEO plugin. -->","yoast_head_json":{"title":"Don Policarpo fortalece parceria cultural com o Podcast TV nas Ruas, de Carlinhos Periferia - Blog - Don Policarpo","robots":{"index":"index","follow":"follow","max-snippet":"max-snippet:-1","max-image-preview":"max-image-preview:large","max-video-preview":"max-video-preview:-1"},"canonical":"https:\/\/donpolicarpo.com.br\/blog\/2026\/08\/28\/don-policarpo-fortalece-parceria-cultural-com-o-podcast-tv-nas-ruas-de-carlinhos-periferia\/","og_locale":"pt_PT","og_type":"article","og_title":"Don Policarpo fortalece parceria cultural com o Podcast TV nas Ruas, de Carlinhos Periferia - Blog - Don Policarpo","og_description":"A cultura nasce do encontro. E quando diferentes linguagens art\u00edsticas se aproximam, novas possibilidades de express\u00e3o, di\u00e1logo e transforma\u00e7\u00e3o surgem. \u00c9 nesse esp\u00edrito que Don Policarpo estabelece uma parceria de apoio cultural com o Podcast TV nas Ruas, projeto idealizado pelo cineasta e artista Carlinhos Periferia. A iniciativa aproxima universos que sempre estiveram conectados: a cultura das ruas, a literatura, a m\u00fasica e o audiovisual, criando um espa\u00e7o para que artistas e suas hist\u00f3rias possam circular, ganhar visibilidade e alcan\u00e7ar novos p\u00fablicos. Da rua para as telas, das telas para a palavra Carlinhos Periferia tem uma trajet\u00f3ria constru\u00edda a partir da cultura perif\u00e9rica e do hip hop. Al\u00e9m de sua atua\u00e7\u00e3o no audiovisual, \u00e9 respons\u00e1vel pelo projeto TV nas Ruas, criado com o prop\u00f3sito de fortalecer artistas e utilizar a comunica\u00e7\u00e3o como ferramenta de transforma\u00e7\u00e3o. Seu trabalho ganhou tamb\u00e9m as telas do cinema com \u201cElas do Cap\u00e3o\u201d, seu primeiro longa-metragem, produzido de forma independente e constru\u00eddo majoritariamente com artistas e moradores das periferias de S\u00e3o Paulo. O filme aborda quest\u00f5es como viol\u00eancia, feminic\u00eddio, preconceito e sobreviv\u00eancia a partir das experi\u00eancias de mulheres perif\u00e9ricas. A produ\u00e7\u00e3o representa uma importante conex\u00e3o com a trajet\u00f3ria de Don Policarpo, que tamb\u00e9m participou do filme e integrou esse processo de constru\u00e7\u00e3o coletiva atrav\u00e9s da arte. Uma parceria que conecta diferentes linguagens A parceria entre Don Policarpo e o TV nas Ruas nasce justamente desse ponto de encontro. De um lado, a literatura e a m\u00fasica como formas de express\u00e3o, mem\u00f3ria e identidade. Do outro, o audiovisual e a comunica\u00e7\u00e3o das ruas como ferramentas para registrar, compartilhar e amplificar essas hist\u00f3rias. O resultado \u00e9 uma colabora\u00e7\u00e3o que entende a cultura n\u00e3o como algo separado em categorias, mas como um grande territ\u00f3rio de possibilidades. Literatura encontra m\u00fasica.M\u00fasica encontra cinema.Cinema encontra a rua.E a rua encontra novas vozes. Essa integra\u00e7\u00e3o tamb\u00e9m dialoga diretamente com a trajet\u00f3ria de Carlinhos Periferia, que transitou do rap para o audiovisual e criou o TV nas Ruas com a proposta de fortalecer artistas atrav\u00e9s da cultura. Don Policarpo: literatura que tamb\u00e9m ocupa as ruas A participa\u00e7\u00e3o de Don Policarpo nessa parceria refor\u00e7a sua atua\u00e7\u00e3o como artista que transita por diferentes formatos e espa\u00e7os. Sua presen\u00e7a no projeto amplia o di\u00e1logo entre poesia, literatura, m\u00fasica e cultura urbana, levando a palavra para al\u00e9m dos livros e aproximando-a de outras manifesta\u00e7\u00f5es art\u00edsticas. Mais do que uma parceria institucional, o apoio cultural ao TV nas Ruas representa uma escolha por valorizar quem produz cultura a partir das pr\u00f3prias experi\u00eancias, territ\u00f3rios e viv\u00eancias. \u00c9 sobre reconhecer a pot\u00eancia de artistas independentes, abrir caminhos e criar conex\u00f5es. Cultura feita por quem vive a cultura O trabalho desenvolvido por Carlinhos Periferia e pelo TV nas Ruas parte de uma perspectiva essencial: contar hist\u00f3rias a partir de dentro. \u201cElas do Cap\u00e3o\u201d \u00e9 um exemplo dessa proposta. O filme foi constru\u00eddo com forte participa\u00e7\u00e3o de pessoas das periferias e teve suas loca\u00e7\u00f5es concentradas no Cap\u00e3o Redondo e bairros da regi\u00e3o, transformando o territ\u00f3rio em parte fundamental da narrativa. \u00c9 essa mesma l\u00f3gica que inspira a parceria com Don Policarpo: fortalecer a cultura produzida nas ruas, valorizar seus artistas e aproximar diferentes linguagens para que novas hist\u00f3rias possam ser contadas. Um encontro que continua A parceria entre Don Policarpo e o Podcast TV nas Ruas representa mais um passo na constru\u00e7\u00e3o de uma rede cultural baseada em colabora\u00e7\u00e3o, diversidade e express\u00e3o. Porque quando a m\u00fasica, a literatura, o cinema e a cultura urbana caminham juntos, a arte ganha novas vozes, novos espa\u00e7os e novas possibilidades. Don Policarpo + TV nas Ruas.Cultura que nasce na rua, ganha voz e segue em movimento. https:\/\/donpolicarpo.com.br\/blog\/wp-content\/uploads\/2026\/09\/tvnasruas.mp4","og_url":"https:\/\/donpolicarpo.com.br\/blog\/2026\/08\/28\/don-policarpo-fortalece-parceria-cultural-com-o-podcast-tv-nas-ruas-de-carlinhos-periferia\/","og_site_name":"Blog - Don Policarpo","article_published_time":"2026-08-28T20:45:00+00:00","article_modified_time":"2026-09-02T23:58:48+00:00","og_image":[{"width":1200,"height":628,"url":"https:\/\/donpolicarpo.com.br\/blog\/wp-content\/uploads\/2026\/09\/TV-NAS-RUAS.jpg","type":"image\/jpeg"}],"author":"Don Policarpo","twitter_card":"summary_large_image","twitter_misc":{"Escrito por":"Don Policarpo","Tempo estimado de leitura":"4 minutos"},"schema":{"@context":"https:\/\/schema.org","@graph":[{"@type":"Article","@id":"https:\/\/donpolicarpo.com.br\/blog\/2026\/08\/28\/don-policarpo-fortalece-parceria-cultural-com-o-podcast-tv-nas-ruas-de-carlinhos-periferia\/#article","isPartOf":{"@id":"https:\/\/donpolicarpo.com.br\/blog\/2026\/08\/28\/don-policarpo-fortalece-parceria-cultural-com-o-podcast-tv-nas-ruas-de-carlinhos-periferia\/"},"author":{"name":"Don Policarpo","@id":"https:\/\/donpolicarpo.com.br\/blog\/#\/schema\/person\/4ef36e9e5b9fe731bd20948691fdce2b"},"headline":"Don Policarpo fortalece parceria cultural com o Podcast TV nas Ruas, de Carlinhos Periferia","datePublished":"2026-08-28T20:45:00+00:00","dateModified":"2026-09-02T23:58:48+00:00","mainEntityOfPage":{"@id":"https:\/\/donpolicarpo.com.br\/blog\/2026\/08\/28\/don-policarpo-fortalece-parceria-cultural-com-o-podcast-tv-nas-ruas-de-carlinhos-periferia\/"},"wordCount":700,"commentCount":0,"publisher":{"@id":"https:\/\/donpolicarpo.com.br\/blog\/#\/schema\/person\/4ef36e9e5b9fe731bd20948691fdce2b"},"image":{"@id":"https:\/\/donpolicarpo.com.br\/blog\/2026\/08\/28\/don-policarpo-fortalece-parceria-cultural-com-o-podcast-tv-nas-ruas-de-carlinhos-periferia\/#primaryimage"},"thumbnailUrl":"https:\/\/donpolicarpo.com.br\/blog\/wp-content\/uploads\/2026\/09\/TV-NAS-RUAS.jpg","articleSection":["Arte"],"inLanguage":"pt-PT","potentialAction":[{"@type":"CommentAction","name":"Comment","target":["https:\/\/donpolicarpo.com.br\/blog\/2026\/08\/28\/don-policarpo-fortalece-parceria-cultural-com-o-podcast-tv-nas-ruas-de-carlinhos-periferia\/#respond"]}]},{"@type":"WebPage","@id":"https:\/\/donpolicarpo.com.br\/blog\/2026\/08\/28\/don-policarpo-fortalece-parceria-cultural-com-o-podcast-tv-nas-ruas-de-carlinhos-periferia\/","url":"https:\/\/donpolicarpo.com.br\/blog\/2026\/08\/28\/don-policarpo-fortalece-parceria-cultural-com-o-podcast-tv-nas-ruas-de-carlinhos-periferia\/","name":"Don Policarpo fortalece parceria cultural com o Podcast TV nas Ruas, de Carlinhos Periferia - Blog - Don Policarpo","isPartOf":{"@id":"https:\/\/donpolicarpo.com.br\/blog\/#website"},"primaryImageOfPage":{"@id":"https:\/\/donpolicarpo.com.br\/blog\/2026\/08\/28\/don-policarpo-fortalece-parceria-cultural-com-o-podcast-tv-nas-ruas-de-carlinhos-periferia\/#primaryimage"},"image":{"@id":"https:\/\/donpolicarpo.com.br\/blog\/2026\/08\/28\/don-policarpo-fortalece-parceria-cultural-com-o-podcast-tv-nas-ruas-de-carlinhos-periferia\/#primaryimage"},"thumbnailUrl":"https:\/\/donpolicarpo.com.br\/blog\/wp-content\/uploads\/2026\/09\/TV-NAS-RUAS.jpg","datePublished":"2026-08-28T20:45:00+00:00","dateModified":"2026-09-02T23:58:48+00:00","breadcrumb":{"@id":"https:\/\/donpolicarpo.com.br\/blog\/2026\/08\/28\/don-policarpo-fortalece-parceria-cultural-com-o-podcast-tv-nas-ruas-de-carlinhos-periferia\/#breadcrumb"},"inLanguage":"pt-PT","potentialAction":[{"@type":"ReadAction","target":["https:\/\/donpolicarpo.com.br\/blog\/2026\/08\/28\/don-policarpo-fortalece-parceria-cultural-com-o-podcast-tv-nas-ruas-de-carlinhos-periferia\/"]}]},{"@type":"ImageObject","inLanguage":"pt-PT","@id":"https:\/\/donpolicarpo.com.br\/blog\/2026\/08\/28\/don-policarpo-fortalece-parceria-cultural-com-o-podcast-tv-nas-ruas-de-carlinhos-periferia\/#primaryimage","url":"https:\/\/donpolicarpo.com.br\/blog\/wp-content\/uploads\/2026\/09\/TV-NAS-RUAS.jpg","contentUrl":"https:\/\/donpolicarpo.com.br\/blog\/wp-content\/uploads\/2026\/09\/TV-NAS-RUAS.jpg","width":1200,"height":628},{"@type":"BreadcrumbList","@id":"https:\/\/donpolicarpo.com.br\/blog\/2026\/08\/28\/don-policarpo-fortalece-parceria-cultural-com-o-podcast-tv-nas-ruas-de-carlinhos-periferia\/#breadcrumb","itemListElement":[{"@type":"ListItem","position":1,"name":"Home","item":"https:\/\/donpolicarpo.com.br\/blog\/"},{"@type":"ListItem","position":2,"name":"Don Policarpo fortalece parceria cultural com o Podcast TV nas Ruas, de Carlinhos Periferia"}]},{"@type":"WebSite","@id":"https:\/\/donpolicarpo.com.br\/blog\/#website","url":"https:\/\/donpolicarpo.com.br\/blog\/","name":"Blog - Don Policarpo","description":"","publisher":{"@id":"https:\/\/donpolicarpo.com.br\/blog\/#\/schema\/person\/4ef36e9e5b9fe731bd20948691fdce2b"},"potentialAction":[{"@type":"SearchAction","target":{"@type":"EntryPoint","urlTemplate":"https:\/\/donpolicarpo.com.br\/blog\/?s={search_term_string}"},"query-input":{"@type":"PropertyValueSpecification","valueRequired":true,"valueName":"search_term_string"}}],"inLanguage":"pt-PT"},{"@type":["Person","Organization"],"@id":"https:\/\/donpolicarpo.com.br\/blog\/#\/schema\/person\/4ef36e9e5b9fe731bd20948691fdce2b","name":"Don Policarpo","image":{"@type":"ImageObject","inLanguage":"pt-PT","@id":"https:\/\/donpolicarpo.com.br\/blog\/wp-content\/uploads\/2025\/01\/Perfil.jpg","url":"https:\/\/donpolicarpo.com.br\/blog\/wp-content\/uploads\/2025\/01\/Perfil.jpg","contentUrl":"https:\/\/donpolicarpo.com.br\/blog\/wp-content\/uploads\/2025\/01\/Perfil.jpg","width":1080,"height":1080,"caption":"Don Policarpo"},"logo":{"@id":"https:\/\/donpolicarpo.com.br\/blog\/wp-content\/uploads\/2025\/01\/Perfil.jpg"},"description":"Escritor, poeta, compositor. Lan\u00e7ou Ma\u00e7\u00e3, A \u00c1rvore dos Alados e A Magia da Poesia Cantante Vol.2, entre outros. O autor convida todos a se entenderem como cidad\u00e3os de um mundo profundamente lesionado pela crise ambiental, com uma linguagem l\u00fadica, as obras ressaltam a necessidade de proteger o planeta, a import\u00e2ncia da educa\u00e7\u00e3o familiar e ambiental, al\u00e9m da valoriza\u00e7\u00e3o da mem\u00f3ria ancestral e afetiva.","sameAs":["https:\/\/donpolicarpo.com.br\/blog","https:\/\/www.instagram.com\/donpolicarpo\/","https:\/\/www.youtube.com\/@falapoli"],"url":"https:\/\/donpolicarpo.com.br\/blog\/author\/policarpo\/"}]}},"uagb_featured_image_src":{"full":["https:\/\/donpolicarpo.com.br\/blog\/wp-content\/uploads\/2026\/09\/TV-NAS-RUAS.jpg",1200,628,false],"thumbnail":["https:\/\/donpolicarpo.com.br\/blog\/wp-content\/uploads\/2026\/09\/TV-NAS-RUAS-150x150.jpg",150,150,true],"medium":["https:\/\/donpolicarpo.com.br\/blog\/wp-content\/uploads\/2026\/09\/TV-NAS-RUAS-300x157.jpg",300,157,true],"medium_large":["https:\/\/donpolicarpo.com.br\/blog\/wp-content\/uploads\/2026\/09\/TV-NAS-RUAS-768x402.jpg",768,402,true],"large":["https:\/\/donpolicarpo.com.br\/blog\/wp-content\/uploads\/2026\/09\/TV-NAS-RUAS-1024x536.jpg",1024,536,true],"1536x1536":["https:\/\/donpolicarpo.com.br\/blog\/wp-content\/uploads\/2026\/09\/TV-NAS-RUAS.jpg",1200,628,false],"2048x2048":["https:\/\/donpolicarpo.com.br\/blog\/wp-content\/uploads\/2026\/09\/TV-NAS-RUAS.jpg",1200,628,false]},"uagb_author_info":{"display_name":"Don Policarpo","author_link":"https:\/\/donpolicarpo.com.br\/blog\/author\/policarpo\/"},"uagb_comment_info":0,"uagb_excerpt":"A cultura nasce do encontro. E quando diferentes linguagens art\u00edsticas se aproximam, novas possibilidades de express\u00e3o, di\u00e1logo e transforma\u00e7\u00e3o surgem. \u00c9 nesse esp\u00edrito que Don Policarpo estabelece uma parceria de apoio cultural com o Podcast TV nas Ruas, projeto idealizado pelo cineasta e artista Carlinhos Periferia. A iniciativa aproxima universos que sempre estiveram conectados: a&hellip;","_links":{"self":[{"href":"https:\/\/donpolicarpo.com.br\/blog\/wp-json\/wp\/v2\/posts\/2024","targetHints":{"allow":["GET"]}}],"collection":[{"href":"https:\/\/donpolicarpo.com.br\/blog\/wp-json\/wp\/v2\/posts"}],"about":[{"href":"https:\/\/donpolicarpo.com.br\/blog\/wp-json\/wp\/v2\/types\/post"}],"author":[{"embeddable":true,"href":"https:\/\/donpolicarpo.com.br\/blog\/wp-json\/wp\/v2\/users\/2"}],"replies":[{"embeddable":true,"href":"https:\/\/donpolicarpo.com.br\/blog\/wp-json\/wp\/v2\/comments?post=2024"}],"version-history":[{"count":4,"href":"https:\/\/donpolicarpo.com.br\/blog\/wp-json\/wp\/v2\/posts\/2024\/revisions"}],"predecessor-version":[{"id":2030,"href":"https:\/\/donpolicarpo.com.br\/blog\/wp-json\/wp\/v2\/posts\/2024\/revisions\/2030"}],"wp:featuredmedia":[{"embeddable":true,"href":"https:\/\/donpolicarpo.com.br\/blog\/wp-json\/wp\/v2\/media\/2025"}],"wp:attachment":[{"href":"https:\/\/donpolicarpo.com.br\/blog\/wp-json\/wp\/v2\/media?parent=2024"}],"wp:term":[{"taxonomy":"category","embeddable":true,"href":"https:\/\/donpolicarpo.com.br\/blog\/wp-json\/wp\/v2\/categories?post=2024"},{"taxonomy":"post_tag","embeddable":true,"href":"https:\/\/donpolicarpo.com.br\/blog\/wp-json\/wp\/v2\/tags?post=2024"}],"curies":[{"name":"wp","href":"https:\/\/api.w.org\/{rel}","templated":true}]}}