{"id":2006,"date":"2026-08-28T20:20:00","date_gmt":"2026-08-28T20:20:00","guid":{"rendered":"https:\/\/donpolicarpo.com.br\/blog\/?p=2006"},"modified":"2026-09-02T23:53:25","modified_gmt":"2026-09-02T23:53:25","slug":"don-policarpo-participa-da-celebracao-de-10-anos-do-sarau-paulistano-na-camara-municipal-de-sao-paulo","status":"publish","type":"post","link":"https:\/\/donpolicarpo.com.br\/blog\/2026\/08\/28\/don-policarpo-participa-da-celebracao-de-10-anos-do-sarau-paulistano-na-camara-municipal-de-sao-paulo\/","title":{"rendered":"Don Policarpo participa da celebra\u00e7\u00e3o de 10 anos do Sarau Paulistano na C\u00e2mara Municipal de S\u00e3o Paulo"},"content":{"rendered":"\t\t<div data-elementor-type=\"wp-post\" data-elementor-id=\"2006\" class=\"elementor elementor-2006\">\n\t\t\t\t<div class=\"elementor-element elementor-element-49846b2b e-flex e-con-boxed wpr-particle-no wpr-jarallax-no wpr-parallax-no wpr-sticky-section-no wpr-column-slider-no wpr-equal-height-no e-con e-parent\" data-id=\"49846b2b\" data-element_type=\"container\" data-e-type=\"container\">\n\t\t\t\t\t<div class=\"e-con-inner\">\n\t\t\t\t<div class=\"elementor-element elementor-element-5db2c240 elementor-widget elementor-widget-text-editor\" data-id=\"5db2c240\" data-element_type=\"widget\" data-e-type=\"widget\" data-widget_type=\"text-editor.default\">\n\t\t\t\t<div class=\"elementor-widget-container\">\n\t\t\t\t\t\t\t\t\t\n<p class=\"wp-block-paragraph\">A arte, a cultura e a inclus\u00e3o ganharam mais uma noite de celebra\u00e7\u00e3o em S\u00e3o Paulo. No dia <strong>18 de agosto de 2026<\/strong>, o escritor, poeta, compositor e artista <strong>Don Policarpo<\/strong> esteve presente na solenidade especial que marcou os <strong>10 anos do Sarau Paulistano \u2013 Inclus\u00e3o pela Arte, Cultura e Literatura (ASPIAC)<\/strong>, realizada na C\u00e2mara Municipal de S\u00e3o Paulo.<\/p>\n\n<p class=\"wp-block-paragraph\">Ao longo de uma d\u00e9cada, o Sarau Paulistano construiu uma trajet\u00f3ria dedicada a valorizar talentos, promover a participa\u00e7\u00e3o de pessoas com e sem defici\u00eancia e utilizar a arte como instrumento de transforma\u00e7\u00e3o social. O projeto nasceu em 2015, idealizado por Vilma Proen\u00e7a, e posteriormente se consolidou como associa\u00e7\u00e3o, reunindo iniciativas ligadas \u00e0 <strong>arte, cultura, literatura, esporte e comunica\u00e7\u00e3o<\/strong>.<\/p>\n\n<h3 class=\"wp-block-heading\">Uma d\u00e9cada de cultura, inclus\u00e3o e transforma\u00e7\u00e3o<\/h3>\n\n<p class=\"wp-block-paragraph\">A celebra\u00e7\u00e3o dos 10 anos representa n\u00e3o apenas a passagem do tempo, mas o reconhecimento de uma hist\u00f3ria constru\u00edda coletivamente por artistas, escritores, produtores, volunt\u00e1rios, parceiros e apoiadores.<\/p>\n\n<p class=\"wp-block-paragraph\">A ASPIAC tem como um de seus principais objetivos dar visibilidade a talentos, especialmente \u00e0s pessoas com defici\u00eancia, criando oportunidades para que diferentes vozes possam ocupar espa\u00e7os culturais e participar ativamente da sociedade. Para a associa\u00e7\u00e3o, a arte \u00e9 uma ferramenta capaz de fortalecer a autoestima, a autonomia e a inclus\u00e3o social.<\/p>\n\n<p class=\"wp-block-paragraph\">Nesse contexto, a presen\u00e7a de <strong>Don Policarpo<\/strong> no evento refor\u00e7a a import\u00e2ncia de aproximar diferentes express\u00f5es art\u00edsticas e pessoas que fazem da cultura uma forma de di\u00e1logo e transforma\u00e7\u00e3o.<\/p>\n\t\t\t\t\t\t\t\t<\/div>\n\t\t\t\t<\/div>\n\t\t\t\t<div class=\"elementor-element elementor-element-2a8bf19 elementor-widget elementor-widget-image\" data-id=\"2a8bf19\" data-element_type=\"widget\" data-e-type=\"widget\" data-widget_type=\"image.default\">\n\t\t\t\t<div class=\"elementor-widget-container\">\n\t\t\t\t\t\t\t\t\t\t\t\t\t\t\t<img fetchpriority=\"high\" decoding=\"async\" width=\"447\" height=\"447\" src=\"https:\/\/donpolicarpo.com.br\/blog\/wp-content\/uploads\/2026\/08\/aspiac-trofeu.jpg\" class=\"attachment-large size-large wp-image-2017\" alt=\"\" srcset=\"https:\/\/donpolicarpo.com.br\/blog\/wp-content\/uploads\/2026\/08\/aspiac-trofeu.jpg 447w, https:\/\/donpolicarpo.com.br\/blog\/wp-content\/uploads\/2026\/08\/aspiac-trofeu-300x300.jpg 300w, https:\/\/donpolicarpo.com.br\/blog\/wp-content\/uploads\/2026\/08\/aspiac-trofeu-150x150.jpg 150w\" sizes=\"(max-width: 447px) 100vw, 447px\" \/>\t\t\t\t\t\t\t\t\t\t\t\t\t\t\t<\/div>\n\t\t\t\t<\/div>\n\t\t\t\t<div class=\"elementor-element elementor-element-99cf80b elementor-widget elementor-widget-spacer\" data-id=\"99cf80b\" data-element_type=\"widget\" data-e-type=\"widget\" data-widget_type=\"spacer.default\">\n\t\t\t\t<div class=\"elementor-widget-container\">\n\t\t\t\t\t\t\t<div class=\"elementor-spacer\">\n\t\t\t<div class=\"elementor-spacer-inner\"><\/div>\n\t\t<\/div>\n\t\t\t\t\t\t<\/div>\n\t\t\t\t<\/div>\n\t\t\t\t<div class=\"elementor-element elementor-element-3ff7065 elementor-widget elementor-widget-text-editor\" data-id=\"3ff7065\" data-element_type=\"widget\" data-e-type=\"widget\" data-widget_type=\"text-editor.default\">\n\t\t\t\t<div class=\"elementor-widget-container\">\n\t\t\t\t\t\t\t\t\t\n<h3 class=\"wp-block-heading\">Don Policarpo e a for\u00e7a da palavra<\/h3>\n\n<p class=\"wp-block-paragraph\">Com uma trajet\u00f3ria que re\u00fane <strong>literatura, poesia, m\u00fasica, atua\u00e7\u00e3o e roteiro<\/strong>, Don Policarpo transita por diferentes linguagens e encontra na palavra uma maneira de contar hist\u00f3rias, provocar reflex\u00f5es e estabelecer conex\u00f5es.<\/p>\n\n<p class=\"wp-block-paragraph\">Sua participa\u00e7\u00e3o na celebra\u00e7\u00e3o do Sarau Paulistano se soma a esse movimento de valoriza\u00e7\u00e3o da produ\u00e7\u00e3o cultural e da diversidade de perspectivas que formam a identidade art\u00edstica de S\u00e3o Paulo.<\/p>\n\n<p class=\"wp-block-paragraph\">Mais do que uma solenidade, o encontro foi uma oportunidade de celebrar pessoas e iniciativas que acreditam que <strong>cultura deve ser acess\u00edvel, plural e capaz de transformar realidades<\/strong>.<\/p>\n\t\t\t\t\t\t\t\t<\/div>\n\t\t\t\t<\/div>\n\t\t\t\t<div class=\"elementor-element elementor-element-80de25e elementor-widget elementor-widget-spacer\" data-id=\"80de25e\" data-element_type=\"widget\" data-e-type=\"widget\" data-widget_type=\"spacer.default\">\n\t\t\t\t<div class=\"elementor-widget-container\">\n\t\t\t\t\t\t\t<div class=\"elementor-spacer\">\n\t\t\t<div class=\"elementor-spacer-inner\"><\/div>\n\t\t<\/div>\n\t\t\t\t\t\t<\/div>\n\t\t\t\t<\/div>\n\t\t\t\t<div class=\"elementor-element elementor-element-9dba1e2 elementor-widget elementor-widget-image\" data-id=\"9dba1e2\" data-element_type=\"widget\" data-e-type=\"widget\" data-widget_type=\"image.default\">\n\t\t\t\t<div class=\"elementor-widget-container\">\n\t\t\t\t\t\t\t\t\t\t\t\t\t\t\t<img decoding=\"async\" width=\"1024\" height=\"536\" src=\"https:\/\/donpolicarpo.com.br\/blog\/wp-content\/uploads\/2026\/08\/aspiac-2-1024x536.jpg\" class=\"attachment-large size-large wp-image-2009\" alt=\"\" srcset=\"https:\/\/donpolicarpo.com.br\/blog\/wp-content\/uploads\/2026\/08\/aspiac-2-1024x536.jpg 1024w, https:\/\/donpolicarpo.com.br\/blog\/wp-content\/uploads\/2026\/08\/aspiac-2-300x157.jpg 300w, https:\/\/donpolicarpo.com.br\/blog\/wp-content\/uploads\/2026\/08\/aspiac-2-768x402.jpg 768w, https:\/\/donpolicarpo.com.br\/blog\/wp-content\/uploads\/2026\/08\/aspiac-2.jpg 1200w\" sizes=\"(max-width: 1024px) 100vw, 1024px\" \/>\t\t\t\t\t\t\t\t\t\t\t\t\t\t\t<\/div>\n\t\t\t\t<\/div>\n\t\t\t\t<div class=\"elementor-element elementor-element-e762a5a elementor-widget elementor-widget-spacer\" data-id=\"e762a5a\" data-element_type=\"widget\" data-e-type=\"widget\" data-widget_type=\"spacer.default\">\n\t\t\t\t<div class=\"elementor-widget-container\">\n\t\t\t\t\t\t\t<div class=\"elementor-spacer\">\n\t\t\t<div class=\"elementor-spacer-inner\"><\/div>\n\t\t<\/div>\n\t\t\t\t\t\t<\/div>\n\t\t\t\t<\/div>\n\t\t\t\t<div class=\"elementor-element elementor-element-8dfca7e elementor-widget elementor-widget-text-editor\" data-id=\"8dfca7e\" data-element_type=\"widget\" data-e-type=\"widget\" data-widget_type=\"text-editor.default\">\n\t\t\t\t<div class=\"elementor-widget-container\">\n\t\t\t\t\t\t\t\t\t\n<h3 class=\"wp-block-heading\">Um encontro que celebra o passado e olha para o futuro<\/h3>\n\n<p class=\"wp-block-paragraph\">A comemora\u00e7\u00e3o dos 10 anos do Sarau Paulistano tamb\u00e9m aponta para a continuidade de um trabalho que busca ampliar espa\u00e7os de express\u00e3o e participa\u00e7\u00e3o.<\/p>\n\n<p class=\"wp-block-paragraph\">Ao reunir artistas, personalidades e representantes de diferentes \u00e1reas em um espa\u00e7o simb\u00f3lico como a C\u00e2mara Municipal de S\u00e3o Paulo, a celebra\u00e7\u00e3o refor\u00e7ou uma mensagem essencial: <strong>quando a arte encontra espa\u00e7o, ela cria pontes, aproxima pessoas e transforma a maneira como enxergamos o mundo.<\/strong><\/p>\n\n<p class=\"wp-block-paragraph\">Para Don Policarpo, estar presente nesse momento especial \u00e9 tamb\u00e9m fazer parte dessa constru\u00e7\u00e3o coletiva, celebrando uma d\u00e9cada de hist\u00f3rias e, principalmente, de pessoas que ajudam a manter viva a cultura paulistana.<\/p>\n\n<p class=\"wp-block-paragraph\"><strong>10 anos de Sarau Paulistano. 10 anos de encontros, vozes, arte e inclus\u00e3o. E uma hist\u00f3ria que continua sendo escrita.<\/strong><\/p>\n\n<p class=\"wp-block-paragraph\"><a href=\"https:\/\/saraupaulistano.com.br\/?utm_source=chatgpt.com\" target=\"_blank\" rel=\"noopener\">Conhe\u00e7a o Sarau Paulistano<\/a><\/p>\n\t\t\t\t\t\t\t\t<\/div>\n\t\t\t\t<\/div>\n\t\t\t\t<div class=\"elementor-element elementor-element-c4011a1 elementor-widget elementor-widget-image\" data-id=\"c4011a1\" data-element_type=\"widget\" data-e-type=\"widget\" data-widget_type=\"image.default\">\n\t\t\t\t<div class=\"elementor-widget-container\">\n\t\t\t\t\t\t\t\t\t\t\t\t\t\t\t<img decoding=\"async\" width=\"1024\" height=\"536\" src=\"https:\/\/donpolicarpo.com.br\/blog\/wp-content\/uploads\/2026\/08\/aspiac-1-1024x536.jpg\" class=\"attachment-large size-large wp-image-2010\" alt=\"\" srcset=\"https:\/\/donpolicarpo.com.br\/blog\/wp-content\/uploads\/2026\/08\/aspiac-1-1024x536.jpg 1024w, https:\/\/donpolicarpo.com.br\/blog\/wp-content\/uploads\/2026\/08\/aspiac-1-300x157.jpg 300w, https:\/\/donpolicarpo.com.br\/blog\/wp-content\/uploads\/2026\/08\/aspiac-1-768x402.jpg 768w, https:\/\/donpolicarpo.com.br\/blog\/wp-content\/uploads\/2026\/08\/aspiac-1.jpg 1200w\" sizes=\"(max-width: 1024px) 100vw, 1024px\" \/>\t\t\t\t\t\t\t\t\t\t\t\t\t\t\t<\/div>\n\t\t\t\t<\/div>\n\t\t\t\t<div class=\"elementor-element elementor-element-f2dd1af elementor-widget elementor-widget-video\" data-id=\"f2dd1af\" data-element_type=\"widget\" data-e-type=\"widget\" data-settings=\"{&quot;youtube_url&quot;:&quot;https:\\\/\\\/www.youtube.com\\\/shorts\\\/qCraISqFNzc?feature=share&quot;,&quot;video_type&quot;:&quot;youtube&quot;,&quot;controls&quot;:&quot;yes&quot;}\" data-widget_type=\"video.default\">\n\t\t\t\t<div class=\"elementor-widget-container\">\n\t\t\t\t\t\t\t<div class=\"elementor-wrapper elementor-open-inline\">\n\t\t\t<div class=\"elementor-video\"><\/div>\t\t<\/div>\n\t\t\t\t\t\t<\/div>\n\t\t\t\t<\/div>\n\t\t\t\t\t<\/div>\n\t\t\t\t<\/div>\n\t\t\t\t<\/div>\n\t\t","protected":false},"excerpt":{"rendered":"<p>A arte, a cultura e a inclus\u00e3o ganharam mais uma noite de celebra\u00e7\u00e3o em S\u00e3o Paulo. No dia 18 de agosto de 2026, o escritor, poeta, compositor e artista Don Policarpo esteve presente na solenidade especial que marcou os 10 anos do Sarau Paulistano \u2013 Inclus\u00e3o pela Arte, Cultura e Literatura (ASPIAC), realizada na C\u00e2mara Municipal de S\u00e3o Paulo. Ao longo de uma d\u00e9cada, o Sarau Paulistano construiu uma trajet\u00f3ria dedicada a valorizar talentos, promover a participa\u00e7\u00e3o de pessoas com e sem defici\u00eancia e utilizar a arte como instrumento de transforma\u00e7\u00e3o social. O projeto nasceu em 2015, idealizado por Vilma Proen\u00e7a, e posteriormente se consolidou como associa\u00e7\u00e3o, reunindo iniciativas ligadas \u00e0 arte, cultura, literatura, esporte e comunica\u00e7\u00e3o. Uma d\u00e9cada de cultura, inclus\u00e3o e transforma\u00e7\u00e3o A celebra\u00e7\u00e3o dos 10 anos representa n\u00e3o apenas a passagem do tempo, mas o reconhecimento de uma hist\u00f3ria constru\u00edda coletivamente por artistas, escritores, produtores, volunt\u00e1rios, parceiros e apoiadores. A ASPIAC tem como um de seus principais objetivos dar visibilidade a talentos, especialmente \u00e0s pessoas com defici\u00eancia, criando oportunidades para que diferentes vozes possam ocupar espa\u00e7os culturais e participar ativamente da sociedade. Para a associa\u00e7\u00e3o, a arte \u00e9 uma ferramenta capaz de fortalecer a autoestima, a autonomia e a inclus\u00e3o social. Nesse contexto, a presen\u00e7a de Don Policarpo no evento refor\u00e7a a import\u00e2ncia de aproximar diferentes express\u00f5es art\u00edsticas e pessoas que fazem da cultura uma forma de di\u00e1logo e transforma\u00e7\u00e3o. Don Policarpo e a for\u00e7a da palavra Com uma trajet\u00f3ria que re\u00fane literatura, poesia, m\u00fasica, atua\u00e7\u00e3o e roteiro, Don Policarpo transita por diferentes linguagens e encontra na palavra uma maneira de contar hist\u00f3rias, provocar reflex\u00f5es e estabelecer conex\u00f5es. Sua participa\u00e7\u00e3o na celebra\u00e7\u00e3o do Sarau Paulistano se soma a esse movimento de valoriza\u00e7\u00e3o da produ\u00e7\u00e3o cultural e da diversidade de perspectivas que formam a identidade art\u00edstica de S\u00e3o Paulo. Mais do que uma solenidade, o encontro foi uma oportunidade de celebrar pessoas e iniciativas que acreditam que cultura deve ser acess\u00edvel, plural e capaz de transformar realidades. Um encontro que celebra o passado e olha para o futuro A comemora\u00e7\u00e3o dos 10 anos do Sarau Paulistano tamb\u00e9m aponta para a continuidade de um trabalho que busca ampliar espa\u00e7os de express\u00e3o e participa\u00e7\u00e3o. Ao reunir artistas, personalidades e representantes de diferentes \u00e1reas em um espa\u00e7o simb\u00f3lico como a C\u00e2mara Municipal de S\u00e3o Paulo, a celebra\u00e7\u00e3o refor\u00e7ou uma mensagem essencial: quando a arte encontra espa\u00e7o, ela cria pontes, aproxima pessoas e transforma a maneira como enxergamos o mundo. Para Don Policarpo, estar presente nesse momento especial \u00e9 tamb\u00e9m fazer parte dessa constru\u00e7\u00e3o coletiva, celebrando uma d\u00e9cada de hist\u00f3rias e, principalmente, de pessoas que ajudam a manter viva a cultura paulistana. 10 anos de Sarau Paulistano. 10 anos de encontros, vozes, arte e inclus\u00e3o. E uma hist\u00f3ria que continua sendo escrita. Conhe\u00e7a o Sarau Paulistano<\/p>\n","protected":false},"author":2,"featured_media":2007,"comment_status":"open","ping_status":"open","sticky":false,"template":"","format":"standard","meta":{"_uag_custom_page_level_css":"","site-sidebar-layout":"default","site-content-layout":"","ast-site-content-layout":"default","site-content-style":"default","site-sidebar-style":"default","ast-global-header-display":"","ast-banner-title-visibility":"","ast-main-header-display":"","ast-hfb-above-header-display":"","ast-hfb-below-header-display":"","ast-hfb-mobile-header-display":"","site-post-title":"","ast-breadcrumbs-content":"","ast-featured-img":"","footer-sml-layout":"","ast-disable-related-posts":"","theme-transparent-header-meta":"","adv-header-id-meta":"","stick-header-meta":"","header-above-stick-meta":"","header-main-stick-meta":"","header-below-stick-meta":"","astra-migrate-meta-layouts":"default","ast-page-background-enabled":"default","ast-page-background-meta":{"desktop":{"background-color":"var(--ast-global-color-5)","background-image":"","background-repeat":"repeat","background-position":"center center","background-size":"auto","background-attachment":"scroll","background-type":"","background-media":"","overlay-type":"","overlay-color":"","overlay-opacity":"","overlay-gradient":""},"tablet":{"background-color":"","background-image":"","background-repeat":"repeat","background-position":"center center","background-size":"auto","background-attachment":"scroll","background-type":"","background-media":"","overlay-type":"","overlay-color":"","overlay-opacity":"","overlay-gradient":""},"mobile":{"background-color":"","background-image":"","background-repeat":"repeat","background-position":"center center","background-size":"auto","background-attachment":"scroll","background-type":"","background-media":"","overlay-type":"","overlay-color":"","overlay-opacity":"","overlay-gradient":""}},"ast-content-background-meta":{"desktop":{"background-color":"var(--ast-global-color-4)","background-image":"","background-repeat":"repeat","background-position":"center center","background-size":"auto","background-attachment":"scroll","background-type":"","background-media":"","overlay-type":"","overlay-color":"","overlay-opacity":"","overlay-gradient":""},"tablet":{"background-color":"var(--ast-global-color-4)","background-image":"","background-repeat":"repeat","background-position":"center center","background-size":"auto","background-attachment":"scroll","background-type":"","background-media":"","overlay-type":"","overlay-color":"","overlay-opacity":"","overlay-gradient":""},"mobile":{"background-color":"var(--ast-global-color-4)","background-image":"","background-repeat":"repeat","background-position":"center center","background-size":"auto","background-attachment":"scroll","background-type":"","background-media":"","overlay-type":"","overlay-color":"","overlay-opacity":"","overlay-gradient":""}},"footnotes":""},"categories":[22],"tags":[],"class_list":["post-2006","post","type-post","status-publish","format-standard","has-post-thumbnail","hentry","category-arte"],"yoast_head":"<!-- This site is optimized with the Yoast SEO plugin v28.2 - https:\/\/yoast.com\/product\/yoast-seo-wordpress\/ -->\n<title>Don Policarpo participa da celebra\u00e7\u00e3o de 10 anos do Sarau Paulistano na C\u00e2mara Municipal de S\u00e3o Paulo - Blog - Don Policarpo<\/title>\n<meta name=\"robots\" content=\"index, follow, max-snippet:-1, max-image-preview:large, max-video-preview:-1\" \/>\n<link rel=\"canonical\" href=\"https:\/\/donpolicarpo.com.br\/blog\/2026\/08\/28\/don-policarpo-participa-da-celebracao-de-10-anos-do-sarau-paulistano-na-camara-municipal-de-sao-paulo\/\" \/>\n<meta property=\"og:locale\" content=\"pt_PT\" \/>\n<meta property=\"og:type\" content=\"article\" \/>\n<meta property=\"og:title\" content=\"Don Policarpo participa da celebra\u00e7\u00e3o de 10 anos do Sarau Paulistano na C\u00e2mara Municipal de S\u00e3o Paulo - Blog - Don Policarpo\" \/>\n<meta property=\"og:description\" content=\"A arte, a cultura e a inclus\u00e3o ganharam mais uma noite de celebra\u00e7\u00e3o em S\u00e3o Paulo. No dia 18 de agosto de 2026, o escritor, poeta, compositor e artista Don Policarpo esteve presente na solenidade especial que marcou os 10 anos do Sarau Paulistano \u2013 Inclus\u00e3o pela Arte, Cultura e Literatura (ASPIAC), realizada na C\u00e2mara Municipal de S\u00e3o Paulo. Ao longo de uma d\u00e9cada, o Sarau Paulistano construiu uma trajet\u00f3ria dedicada a valorizar talentos, promover a participa\u00e7\u00e3o de pessoas com e sem defici\u00eancia e utilizar a arte como instrumento de transforma\u00e7\u00e3o social. O projeto nasceu em 2015, idealizado por Vilma Proen\u00e7a, e posteriormente se consolidou como associa\u00e7\u00e3o, reunindo iniciativas ligadas \u00e0 arte, cultura, literatura, esporte e comunica\u00e7\u00e3o. Uma d\u00e9cada de cultura, inclus\u00e3o e transforma\u00e7\u00e3o A celebra\u00e7\u00e3o dos 10 anos representa n\u00e3o apenas a passagem do tempo, mas o reconhecimento de uma hist\u00f3ria constru\u00edda coletivamente por artistas, escritores, produtores, volunt\u00e1rios, parceiros e apoiadores. A ASPIAC tem como um de seus principais objetivos dar visibilidade a talentos, especialmente \u00e0s pessoas com defici\u00eancia, criando oportunidades para que diferentes vozes possam ocupar espa\u00e7os culturais e participar ativamente da sociedade. Para a associa\u00e7\u00e3o, a arte \u00e9 uma ferramenta capaz de fortalecer a autoestima, a autonomia e a inclus\u00e3o social. Nesse contexto, a presen\u00e7a de Don Policarpo no evento refor\u00e7a a import\u00e2ncia de aproximar diferentes express\u00f5es art\u00edsticas e pessoas que fazem da cultura uma forma de di\u00e1logo e transforma\u00e7\u00e3o. Don Policarpo e a for\u00e7a da palavra Com uma trajet\u00f3ria que re\u00fane literatura, poesia, m\u00fasica, atua\u00e7\u00e3o e roteiro, Don Policarpo transita por diferentes linguagens e encontra na palavra uma maneira de contar hist\u00f3rias, provocar reflex\u00f5es e estabelecer conex\u00f5es. Sua participa\u00e7\u00e3o na celebra\u00e7\u00e3o do Sarau Paulistano se soma a esse movimento de valoriza\u00e7\u00e3o da produ\u00e7\u00e3o cultural e da diversidade de perspectivas que formam a identidade art\u00edstica de S\u00e3o Paulo. Mais do que uma solenidade, o encontro foi uma oportunidade de celebrar pessoas e iniciativas que acreditam que cultura deve ser acess\u00edvel, plural e capaz de transformar realidades. Um encontro que celebra o passado e olha para o futuro A comemora\u00e7\u00e3o dos 10 anos do Sarau Paulistano tamb\u00e9m aponta para a continuidade de um trabalho que busca ampliar espa\u00e7os de express\u00e3o e participa\u00e7\u00e3o. Ao reunir artistas, personalidades e representantes de diferentes \u00e1reas em um espa\u00e7o simb\u00f3lico como a C\u00e2mara Municipal de S\u00e3o Paulo, a celebra\u00e7\u00e3o refor\u00e7ou uma mensagem essencial: quando a arte encontra espa\u00e7o, ela cria pontes, aproxima pessoas e transforma a maneira como enxergamos o mundo. Para Don Policarpo, estar presente nesse momento especial \u00e9 tamb\u00e9m fazer parte dessa constru\u00e7\u00e3o coletiva, celebrando uma d\u00e9cada de hist\u00f3rias e, principalmente, de pessoas que ajudam a manter viva a cultura paulistana. 10 anos de Sarau Paulistano. 10 anos de encontros, vozes, arte e inclus\u00e3o. E uma hist\u00f3ria que continua sendo escrita. Conhe\u00e7a o Sarau Paulistano\" \/>\n<meta property=\"og:url\" content=\"https:\/\/donpolicarpo.com.br\/blog\/2026\/08\/28\/don-policarpo-participa-da-celebracao-de-10-anos-do-sarau-paulistano-na-camara-municipal-de-sao-paulo\/\" \/>\n<meta property=\"og:site_name\" content=\"Blog - Don Policarpo\" \/>\n<meta property=\"article:published_time\" content=\"2026-08-28T20:20:00+00:00\" \/>\n<meta property=\"article:modified_time\" content=\"2026-09-02T23:53:25+00:00\" \/>\n<meta property=\"og:image\" content=\"https:\/\/donpolicarpo.com.br\/blog\/wp-content\/uploads\/2026\/09\/10-anos-aspec.jpg\" \/>\n\t<meta property=\"og:image:width\" content=\"1200\" \/>\n\t<meta property=\"og:image:height\" content=\"628\" \/>\n\t<meta property=\"og:image:type\" content=\"image\/jpeg\" \/>\n<meta name=\"author\" content=\"Don Policarpo\" \/>\n<meta name=\"twitter:card\" content=\"summary_large_image\" \/>\n<meta name=\"twitter:label1\" content=\"Escrito por\" \/>\n\t<meta name=\"twitter:data1\" content=\"Don Policarpo\" \/>\n\t<meta name=\"twitter:label2\" content=\"Tempo estimado de leitura\" \/>\n\t<meta name=\"twitter:data2\" content=\"4 minutos\" \/>\n<script type=\"application\/ld+json\" class=\"yoast-schema-graph\">{\"@context\":\"https:\\\/\\\/schema.org\",\"@graph\":[{\"@type\":\"Article\",\"@id\":\"https:\\\/\\\/donpolicarpo.com.br\\\/blog\\\/2026\\\/08\\\/28\\\/don-policarpo-participa-da-celebracao-de-10-anos-do-sarau-paulistano-na-camara-municipal-de-sao-paulo\\\/#article\",\"isPartOf\":{\"@id\":\"https:\\\/\\\/donpolicarpo.com.br\\\/blog\\\/2026\\\/08\\\/28\\\/don-policarpo-participa-da-celebracao-de-10-anos-do-sarau-paulistano-na-camara-municipal-de-sao-paulo\\\/\"},\"author\":{\"name\":\"Don Policarpo\",\"@id\":\"https:\\\/\\\/donpolicarpo.com.br\\\/blog\\\/#\\\/schema\\\/person\\\/4ef36e9e5b9fe731bd20948691fdce2b\"},\"headline\":\"Don Policarpo participa da celebra\u00e7\u00e3o de 10 anos do Sarau Paulistano na C\u00e2mara Municipal de S\u00e3o Paulo\",\"datePublished\":\"2026-08-28T20:20:00+00:00\",\"dateModified\":\"2026-09-02T23:53:25+00:00\",\"mainEntityOfPage\":{\"@id\":\"https:\\\/\\\/donpolicarpo.com.br\\\/blog\\\/2026\\\/08\\\/28\\\/don-policarpo-participa-da-celebracao-de-10-anos-do-sarau-paulistano-na-camara-municipal-de-sao-paulo\\\/\"},\"wordCount\":546,\"commentCount\":0,\"publisher\":{\"@id\":\"https:\\\/\\\/donpolicarpo.com.br\\\/blog\\\/#\\\/schema\\\/person\\\/4ef36e9e5b9fe731bd20948691fdce2b\"},\"image\":{\"@id\":\"https:\\\/\\\/donpolicarpo.com.br\\\/blog\\\/2026\\\/08\\\/28\\\/don-policarpo-participa-da-celebracao-de-10-anos-do-sarau-paulistano-na-camara-municipal-de-sao-paulo\\\/#primaryimage\"},\"thumbnailUrl\":\"https:\\\/\\\/donpolicarpo.com.br\\\/blog\\\/wp-content\\\/uploads\\\/2026\\\/09\\\/10-anos-aspec.jpg\",\"articleSection\":[\"Arte\"],\"inLanguage\":\"pt-PT\",\"potentialAction\":[{\"@type\":\"CommentAction\",\"name\":\"Comment\",\"target\":[\"https:\\\/\\\/donpolicarpo.com.br\\\/blog\\\/2026\\\/08\\\/28\\\/don-policarpo-participa-da-celebracao-de-10-anos-do-sarau-paulistano-na-camara-municipal-de-sao-paulo\\\/#respond\"]}]},{\"@type\":\"WebPage\",\"@id\":\"https:\\\/\\\/donpolicarpo.com.br\\\/blog\\\/2026\\\/08\\\/28\\\/don-policarpo-participa-da-celebracao-de-10-anos-do-sarau-paulistano-na-camara-municipal-de-sao-paulo\\\/\",\"url\":\"https:\\\/\\\/donpolicarpo.com.br\\\/blog\\\/2026\\\/08\\\/28\\\/don-policarpo-participa-da-celebracao-de-10-anos-do-sarau-paulistano-na-camara-municipal-de-sao-paulo\\\/\",\"name\":\"Don Policarpo participa da celebra\u00e7\u00e3o de 10 anos do Sarau Paulistano na C\u00e2mara Municipal de S\u00e3o Paulo - Blog - Don Policarpo\",\"isPartOf\":{\"@id\":\"https:\\\/\\\/donpolicarpo.com.br\\\/blog\\\/#website\"},\"primaryImageOfPage\":{\"@id\":\"https:\\\/\\\/donpolicarpo.com.br\\\/blog\\\/2026\\\/08\\\/28\\\/don-policarpo-participa-da-celebracao-de-10-anos-do-sarau-paulistano-na-camara-municipal-de-sao-paulo\\\/#primaryimage\"},\"image\":{\"@id\":\"https:\\\/\\\/donpolicarpo.com.br\\\/blog\\\/2026\\\/08\\\/28\\\/don-policarpo-participa-da-celebracao-de-10-anos-do-sarau-paulistano-na-camara-municipal-de-sao-paulo\\\/#primaryimage\"},\"thumbnailUrl\":\"https:\\\/\\\/donpolicarpo.com.br\\\/blog\\\/wp-content\\\/uploads\\\/2026\\\/09\\\/10-anos-aspec.jpg\",\"datePublished\":\"2026-08-28T20:20:00+00:00\",\"dateModified\":\"2026-09-02T23:53:25+00:00\",\"breadcrumb\":{\"@id\":\"https:\\\/\\\/donpolicarpo.com.br\\\/blog\\\/2026\\\/08\\\/28\\\/don-policarpo-participa-da-celebracao-de-10-anos-do-sarau-paulistano-na-camara-municipal-de-sao-paulo\\\/#breadcrumb\"},\"inLanguage\":\"pt-PT\",\"potentialAction\":[{\"@type\":\"ReadAction\",\"target\":[\"https:\\\/\\\/donpolicarpo.com.br\\\/blog\\\/2026\\\/08\\\/28\\\/don-policarpo-participa-da-celebracao-de-10-anos-do-sarau-paulistano-na-camara-municipal-de-sao-paulo\\\/\"]}]},{\"@type\":\"ImageObject\",\"inLanguage\":\"pt-PT\",\"@id\":\"https:\\\/\\\/donpolicarpo.com.br\\\/blog\\\/2026\\\/08\\\/28\\\/don-policarpo-participa-da-celebracao-de-10-anos-do-sarau-paulistano-na-camara-municipal-de-sao-paulo\\\/#primaryimage\",\"url\":\"https:\\\/\\\/donpolicarpo.com.br\\\/blog\\\/wp-content\\\/uploads\\\/2026\\\/09\\\/10-anos-aspec.jpg\",\"contentUrl\":\"https:\\\/\\\/donpolicarpo.com.br\\\/blog\\\/wp-content\\\/uploads\\\/2026\\\/09\\\/10-anos-aspec.jpg\",\"width\":1200,\"height\":628},{\"@type\":\"BreadcrumbList\",\"@id\":\"https:\\\/\\\/donpolicarpo.com.br\\\/blog\\\/2026\\\/08\\\/28\\\/don-policarpo-participa-da-celebracao-de-10-anos-do-sarau-paulistano-na-camara-municipal-de-sao-paulo\\\/#breadcrumb\",\"itemListElement\":[{\"@type\":\"ListItem\",\"position\":1,\"name\":\"Home\",\"item\":\"https:\\\/\\\/donpolicarpo.com.br\\\/blog\\\/\"},{\"@type\":\"ListItem\",\"position\":2,\"name\":\"Don Policarpo participa da celebra\u00e7\u00e3o de 10 anos do Sarau Paulistano na C\u00e2mara Municipal de S\u00e3o Paulo\"}]},{\"@type\":\"WebSite\",\"@id\":\"https:\\\/\\\/donpolicarpo.com.br\\\/blog\\\/#website\",\"url\":\"https:\\\/\\\/donpolicarpo.com.br\\\/blog\\\/\",\"name\":\"Blog - Don Policarpo\",\"description\":\"\",\"publisher\":{\"@id\":\"https:\\\/\\\/donpolicarpo.com.br\\\/blog\\\/#\\\/schema\\\/person\\\/4ef36e9e5b9fe731bd20948691fdce2b\"},\"potentialAction\":[{\"@type\":\"SearchAction\",\"target\":{\"@type\":\"EntryPoint\",\"urlTemplate\":\"https:\\\/\\\/donpolicarpo.com.br\\\/blog\\\/?s={search_term_string}\"},\"query-input\":{\"@type\":\"PropertyValueSpecification\",\"valueRequired\":true,\"valueName\":\"search_term_string\"}}],\"inLanguage\":\"pt-PT\"},{\"@type\":[\"Person\",\"Organization\"],\"@id\":\"https:\\\/\\\/donpolicarpo.com.br\\\/blog\\\/#\\\/schema\\\/person\\\/4ef36e9e5b9fe731bd20948691fdce2b\",\"name\":\"Don Policarpo\",\"image\":{\"@type\":\"ImageObject\",\"inLanguage\":\"pt-PT\",\"@id\":\"https:\\\/\\\/donpolicarpo.com.br\\\/blog\\\/wp-content\\\/uploads\\\/2025\\\/01\\\/Perfil.jpg\",\"url\":\"https:\\\/\\\/donpolicarpo.com.br\\\/blog\\\/wp-content\\\/uploads\\\/2025\\\/01\\\/Perfil.jpg\",\"contentUrl\":\"https:\\\/\\\/donpolicarpo.com.br\\\/blog\\\/wp-content\\\/uploads\\\/2025\\\/01\\\/Perfil.jpg\",\"width\":1080,\"height\":1080,\"caption\":\"Don Policarpo\"},\"logo\":{\"@id\":\"https:\\\/\\\/donpolicarpo.com.br\\\/blog\\\/wp-content\\\/uploads\\\/2025\\\/01\\\/Perfil.jpg\"},\"description\":\"Escritor, poeta, compositor. Lan\u00e7ou Ma\u00e7\u00e3, A \u00c1rvore dos Alados e A Magia da Poesia Cantante Vol.2, entre outros. O autor convida todos a se entenderem como cidad\u00e3os de um mundo profundamente lesionado pela crise ambiental, com uma linguagem l\u00fadica, as obras ressaltam a necessidade de proteger o planeta, a import\u00e2ncia da educa\u00e7\u00e3o familiar e ambiental, al\u00e9m da valoriza\u00e7\u00e3o da mem\u00f3ria ancestral e afetiva.\",\"sameAs\":[\"https:\\\/\\\/donpolicarpo.com.br\\\/blog\",\"https:\\\/\\\/www.instagram.com\\\/donpolicarpo\\\/\",\"https:\\\/\\\/www.youtube.com\\\/@falapoli\"],\"url\":\"https:\\\/\\\/donpolicarpo.com.br\\\/blog\\\/author\\\/policarpo\\\/\"}]}<\/script>\n<!-- \/ Yoast SEO plugin. -->","yoast_head_json":{"title":"Don Policarpo participa da celebra\u00e7\u00e3o de 10 anos do Sarau Paulistano na C\u00e2mara Municipal de S\u00e3o Paulo - Blog - Don Policarpo","robots":{"index":"index","follow":"follow","max-snippet":"max-snippet:-1","max-image-preview":"max-image-preview:large","max-video-preview":"max-video-preview:-1"},"canonical":"https:\/\/donpolicarpo.com.br\/blog\/2026\/08\/28\/don-policarpo-participa-da-celebracao-de-10-anos-do-sarau-paulistano-na-camara-municipal-de-sao-paulo\/","og_locale":"pt_PT","og_type":"article","og_title":"Don Policarpo participa da celebra\u00e7\u00e3o de 10 anos do Sarau Paulistano na C\u00e2mara Municipal de S\u00e3o Paulo - Blog - Don Policarpo","og_description":"A arte, a cultura e a inclus\u00e3o ganharam mais uma noite de celebra\u00e7\u00e3o em S\u00e3o Paulo. No dia 18 de agosto de 2026, o escritor, poeta, compositor e artista Don Policarpo esteve presente na solenidade especial que marcou os 10 anos do Sarau Paulistano \u2013 Inclus\u00e3o pela Arte, Cultura e Literatura (ASPIAC), realizada na C\u00e2mara Municipal de S\u00e3o Paulo. Ao longo de uma d\u00e9cada, o Sarau Paulistano construiu uma trajet\u00f3ria dedicada a valorizar talentos, promover a participa\u00e7\u00e3o de pessoas com e sem defici\u00eancia e utilizar a arte como instrumento de transforma\u00e7\u00e3o social. O projeto nasceu em 2015, idealizado por Vilma Proen\u00e7a, e posteriormente se consolidou como associa\u00e7\u00e3o, reunindo iniciativas ligadas \u00e0 arte, cultura, literatura, esporte e comunica\u00e7\u00e3o. Uma d\u00e9cada de cultura, inclus\u00e3o e transforma\u00e7\u00e3o A celebra\u00e7\u00e3o dos 10 anos representa n\u00e3o apenas a passagem do tempo, mas o reconhecimento de uma hist\u00f3ria constru\u00edda coletivamente por artistas, escritores, produtores, volunt\u00e1rios, parceiros e apoiadores. A ASPIAC tem como um de seus principais objetivos dar visibilidade a talentos, especialmente \u00e0s pessoas com defici\u00eancia, criando oportunidades para que diferentes vozes possam ocupar espa\u00e7os culturais e participar ativamente da sociedade. Para a associa\u00e7\u00e3o, a arte \u00e9 uma ferramenta capaz de fortalecer a autoestima, a autonomia e a inclus\u00e3o social. Nesse contexto, a presen\u00e7a de Don Policarpo no evento refor\u00e7a a import\u00e2ncia de aproximar diferentes express\u00f5es art\u00edsticas e pessoas que fazem da cultura uma forma de di\u00e1logo e transforma\u00e7\u00e3o. Don Policarpo e a for\u00e7a da palavra Com uma trajet\u00f3ria que re\u00fane literatura, poesia, m\u00fasica, atua\u00e7\u00e3o e roteiro, Don Policarpo transita por diferentes linguagens e encontra na palavra uma maneira de contar hist\u00f3rias, provocar reflex\u00f5es e estabelecer conex\u00f5es. Sua participa\u00e7\u00e3o na celebra\u00e7\u00e3o do Sarau Paulistano se soma a esse movimento de valoriza\u00e7\u00e3o da produ\u00e7\u00e3o cultural e da diversidade de perspectivas que formam a identidade art\u00edstica de S\u00e3o Paulo. Mais do que uma solenidade, o encontro foi uma oportunidade de celebrar pessoas e iniciativas que acreditam que cultura deve ser acess\u00edvel, plural e capaz de transformar realidades. Um encontro que celebra o passado e olha para o futuro A comemora\u00e7\u00e3o dos 10 anos do Sarau Paulistano tamb\u00e9m aponta para a continuidade de um trabalho que busca ampliar espa\u00e7os de express\u00e3o e participa\u00e7\u00e3o. Ao reunir artistas, personalidades e representantes de diferentes \u00e1reas em um espa\u00e7o simb\u00f3lico como a C\u00e2mara Municipal de S\u00e3o Paulo, a celebra\u00e7\u00e3o refor\u00e7ou uma mensagem essencial: quando a arte encontra espa\u00e7o, ela cria pontes, aproxima pessoas e transforma a maneira como enxergamos o mundo. Para Don Policarpo, estar presente nesse momento especial \u00e9 tamb\u00e9m fazer parte dessa constru\u00e7\u00e3o coletiva, celebrando uma d\u00e9cada de hist\u00f3rias e, principalmente, de pessoas que ajudam a manter viva a cultura paulistana. 10 anos de Sarau Paulistano. 10 anos de encontros, vozes, arte e inclus\u00e3o. E uma hist\u00f3ria que continua sendo escrita. Conhe\u00e7a o Sarau Paulistano","og_url":"https:\/\/donpolicarpo.com.br\/blog\/2026\/08\/28\/don-policarpo-participa-da-celebracao-de-10-anos-do-sarau-paulistano-na-camara-municipal-de-sao-paulo\/","og_site_name":"Blog - Don Policarpo","article_published_time":"2026-08-28T20:20:00+00:00","article_modified_time":"2026-09-02T23:53:25+00:00","og_image":[{"width":1200,"height":628,"url":"https:\/\/donpolicarpo.com.br\/blog\/wp-content\/uploads\/2026\/09\/10-anos-aspec.jpg","type":"image\/jpeg"}],"author":"Don Policarpo","twitter_card":"summary_large_image","twitter_misc":{"Escrito por":"Don Policarpo","Tempo estimado de leitura":"4 minutos"},"schema":{"@context":"https:\/\/schema.org","@graph":[{"@type":"Article","@id":"https:\/\/donpolicarpo.com.br\/blog\/2026\/08\/28\/don-policarpo-participa-da-celebracao-de-10-anos-do-sarau-paulistano-na-camara-municipal-de-sao-paulo\/#article","isPartOf":{"@id":"https:\/\/donpolicarpo.com.br\/blog\/2026\/08\/28\/don-policarpo-participa-da-celebracao-de-10-anos-do-sarau-paulistano-na-camara-municipal-de-sao-paulo\/"},"author":{"name":"Don Policarpo","@id":"https:\/\/donpolicarpo.com.br\/blog\/#\/schema\/person\/4ef36e9e5b9fe731bd20948691fdce2b"},"headline":"Don Policarpo participa da celebra\u00e7\u00e3o de 10 anos do Sarau Paulistano na C\u00e2mara Municipal de S\u00e3o Paulo","datePublished":"2026-08-28T20:20:00+00:00","dateModified":"2026-09-02T23:53:25+00:00","mainEntityOfPage":{"@id":"https:\/\/donpolicarpo.com.br\/blog\/2026\/08\/28\/don-policarpo-participa-da-celebracao-de-10-anos-do-sarau-paulistano-na-camara-municipal-de-sao-paulo\/"},"wordCount":546,"commentCount":0,"publisher":{"@id":"https:\/\/donpolicarpo.com.br\/blog\/#\/schema\/person\/4ef36e9e5b9fe731bd20948691fdce2b"},"image":{"@id":"https:\/\/donpolicarpo.com.br\/blog\/2026\/08\/28\/don-policarpo-participa-da-celebracao-de-10-anos-do-sarau-paulistano-na-camara-municipal-de-sao-paulo\/#primaryimage"},"thumbnailUrl":"https:\/\/donpolicarpo.com.br\/blog\/wp-content\/uploads\/2026\/09\/10-anos-aspec.jpg","articleSection":["Arte"],"inLanguage":"pt-PT","potentialAction":[{"@type":"CommentAction","name":"Comment","target":["https:\/\/donpolicarpo.com.br\/blog\/2026\/08\/28\/don-policarpo-participa-da-celebracao-de-10-anos-do-sarau-paulistano-na-camara-municipal-de-sao-paulo\/#respond"]}]},{"@type":"WebPage","@id":"https:\/\/donpolicarpo.com.br\/blog\/2026\/08\/28\/don-policarpo-participa-da-celebracao-de-10-anos-do-sarau-paulistano-na-camara-municipal-de-sao-paulo\/","url":"https:\/\/donpolicarpo.com.br\/blog\/2026\/08\/28\/don-policarpo-participa-da-celebracao-de-10-anos-do-sarau-paulistano-na-camara-municipal-de-sao-paulo\/","name":"Don Policarpo participa da celebra\u00e7\u00e3o de 10 anos do Sarau Paulistano na C\u00e2mara Municipal de S\u00e3o Paulo - Blog - Don Policarpo","isPartOf":{"@id":"https:\/\/donpolicarpo.com.br\/blog\/#website"},"primaryImageOfPage":{"@id":"https:\/\/donpolicarpo.com.br\/blog\/2026\/08\/28\/don-policarpo-participa-da-celebracao-de-10-anos-do-sarau-paulistano-na-camara-municipal-de-sao-paulo\/#primaryimage"},"image":{"@id":"https:\/\/donpolicarpo.com.br\/blog\/2026\/08\/28\/don-policarpo-participa-da-celebracao-de-10-anos-do-sarau-paulistano-na-camara-municipal-de-sao-paulo\/#primaryimage"},"thumbnailUrl":"https:\/\/donpolicarpo.com.br\/blog\/wp-content\/uploads\/2026\/09\/10-anos-aspec.jpg","datePublished":"2026-08-28T20:20:00+00:00","dateModified":"2026-09-02T23:53:25+00:00","breadcrumb":{"@id":"https:\/\/donpolicarpo.com.br\/blog\/2026\/08\/28\/don-policarpo-participa-da-celebracao-de-10-anos-do-sarau-paulistano-na-camara-municipal-de-sao-paulo\/#breadcrumb"},"inLanguage":"pt-PT","potentialAction":[{"@type":"ReadAction","target":["https:\/\/donpolicarpo.com.br\/blog\/2026\/08\/28\/don-policarpo-participa-da-celebracao-de-10-anos-do-sarau-paulistano-na-camara-municipal-de-sao-paulo\/"]}]},{"@type":"ImageObject","inLanguage":"pt-PT","@id":"https:\/\/donpolicarpo.com.br\/blog\/2026\/08\/28\/don-policarpo-participa-da-celebracao-de-10-anos-do-sarau-paulistano-na-camara-municipal-de-sao-paulo\/#primaryimage","url":"https:\/\/donpolicarpo.com.br\/blog\/wp-content\/uploads\/2026\/09\/10-anos-aspec.jpg","contentUrl":"https:\/\/donpolicarpo.com.br\/blog\/wp-content\/uploads\/2026\/09\/10-anos-aspec.jpg","width":1200,"height":628},{"@type":"BreadcrumbList","@id":"https:\/\/donpolicarpo.com.br\/blog\/2026\/08\/28\/don-policarpo-participa-da-celebracao-de-10-anos-do-sarau-paulistano-na-camara-municipal-de-sao-paulo\/#breadcrumb","itemListElement":[{"@type":"ListItem","position":1,"name":"Home","item":"https:\/\/donpolicarpo.com.br\/blog\/"},{"@type":"ListItem","position":2,"name":"Don Policarpo participa da celebra\u00e7\u00e3o de 10 anos do Sarau Paulistano na C\u00e2mara Municipal de S\u00e3o Paulo"}]},{"@type":"WebSite","@id":"https:\/\/donpolicarpo.com.br\/blog\/#website","url":"https:\/\/donpolicarpo.com.br\/blog\/","name":"Blog - Don Policarpo","description":"","publisher":{"@id":"https:\/\/donpolicarpo.com.br\/blog\/#\/schema\/person\/4ef36e9e5b9fe731bd20948691fdce2b"},"potentialAction":[{"@type":"SearchAction","target":{"@type":"EntryPoint","urlTemplate":"https:\/\/donpolicarpo.com.br\/blog\/?s={search_term_string}"},"query-input":{"@type":"PropertyValueSpecification","valueRequired":true,"valueName":"search_term_string"}}],"inLanguage":"pt-PT"},{"@type":["Person","Organization"],"@id":"https:\/\/donpolicarpo.com.br\/blog\/#\/schema\/person\/4ef36e9e5b9fe731bd20948691fdce2b","name":"Don Policarpo","image":{"@type":"ImageObject","inLanguage":"pt-PT","@id":"https:\/\/donpolicarpo.com.br\/blog\/wp-content\/uploads\/2025\/01\/Perfil.jpg","url":"https:\/\/donpolicarpo.com.br\/blog\/wp-content\/uploads\/2025\/01\/Perfil.jpg","contentUrl":"https:\/\/donpolicarpo.com.br\/blog\/wp-content\/uploads\/2025\/01\/Perfil.jpg","width":1080,"height":1080,"caption":"Don Policarpo"},"logo":{"@id":"https:\/\/donpolicarpo.com.br\/blog\/wp-content\/uploads\/2025\/01\/Perfil.jpg"},"description":"Escritor, poeta, compositor. Lan\u00e7ou Ma\u00e7\u00e3, A \u00c1rvore dos Alados e A Magia da Poesia Cantante Vol.2, entre outros. O autor convida todos a se entenderem como cidad\u00e3os de um mundo profundamente lesionado pela crise ambiental, com uma linguagem l\u00fadica, as obras ressaltam a necessidade de proteger o planeta, a import\u00e2ncia da educa\u00e7\u00e3o familiar e ambiental, al\u00e9m da valoriza\u00e7\u00e3o da mem\u00f3ria ancestral e afetiva.","sameAs":["https:\/\/donpolicarpo.com.br\/blog","https:\/\/www.instagram.com\/donpolicarpo\/","https:\/\/www.youtube.com\/@falapoli"],"url":"https:\/\/donpolicarpo.com.br\/blog\/author\/policarpo\/"}]}},"uagb_featured_image_src":{"full":["https:\/\/donpolicarpo.com.br\/blog\/wp-content\/uploads\/2026\/09\/10-anos-aspec.jpg",1200,628,false],"thumbnail":["https:\/\/donpolicarpo.com.br\/blog\/wp-content\/uploads\/2026\/09\/10-anos-aspec-150x150.jpg",150,150,true],"medium":["https:\/\/donpolicarpo.com.br\/blog\/wp-content\/uploads\/2026\/09\/10-anos-aspec-300x157.jpg",300,157,true],"medium_large":["https:\/\/donpolicarpo.com.br\/blog\/wp-content\/uploads\/2026\/09\/10-anos-aspec-768x402.jpg",768,402,true],"large":["https:\/\/donpolicarpo.com.br\/blog\/wp-content\/uploads\/2026\/09\/10-anos-aspec-1024x536.jpg",1024,536,true],"1536x1536":["https:\/\/donpolicarpo.com.br\/blog\/wp-content\/uploads\/2026\/09\/10-anos-aspec.jpg",1200,628,false],"2048x2048":["https:\/\/donpolicarpo.com.br\/blog\/wp-content\/uploads\/2026\/09\/10-anos-aspec.jpg",1200,628,false]},"uagb_author_info":{"display_name":"Don Policarpo","author_link":"https:\/\/donpolicarpo.com.br\/blog\/author\/policarpo\/"},"uagb_comment_info":0,"uagb_excerpt":"A arte, a cultura e a inclus\u00e3o ganharam mais uma noite de celebra\u00e7\u00e3o em S\u00e3o Paulo. No dia 18 de agosto de 2026, o escritor, poeta, compositor e artista Don Policarpo esteve presente na solenidade especial que marcou os 10 anos do Sarau Paulistano \u2013 Inclus\u00e3o pela Arte, Cultura e Literatura (ASPIAC), realizada na C\u00e2mara&hellip;","_links":{"self":[{"href":"https:\/\/donpolicarpo.com.br\/blog\/wp-json\/wp\/v2\/posts\/2006","targetHints":{"allow":["GET"]}}],"collection":[{"href":"https:\/\/donpolicarpo.com.br\/blog\/wp-json\/wp\/v2\/posts"}],"about":[{"href":"https:\/\/donpolicarpo.com.br\/blog\/wp-json\/wp\/v2\/types\/post"}],"author":[{"embeddable":true,"href":"https:\/\/donpolicarpo.com.br\/blog\/wp-json\/wp\/v2\/users\/2"}],"replies":[{"embeddable":true,"href":"https:\/\/donpolicarpo.com.br\/blog\/wp-json\/wp\/v2\/comments?post=2006"}],"version-history":[{"count":13,"href":"https:\/\/donpolicarpo.com.br\/blog\/wp-json\/wp\/v2\/posts\/2006\/revisions"}],"predecessor-version":[{"id":2023,"href":"https:\/\/donpolicarpo.com.br\/blog\/wp-json\/wp\/v2\/posts\/2006\/revisions\/2023"}],"wp:featuredmedia":[{"embeddable":true,"href":"https:\/\/donpolicarpo.com.br\/blog\/wp-json\/wp\/v2\/media\/2007"}],"wp:attachment":[{"href":"https:\/\/donpolicarpo.com.br\/blog\/wp-json\/wp\/v2\/media?parent=2006"}],"wp:term":[{"taxonomy":"category","embeddable":true,"href":"https:\/\/donpolicarpo.com.br\/blog\/wp-json\/wp\/v2\/categories?post=2006"},{"taxonomy":"post_tag","embeddable":true,"href":"https:\/\/donpolicarpo.com.br\/blog\/wp-json\/wp\/v2\/tags?post=2006"}],"curies":[{"name":"wp","href":"https:\/\/api.w.org\/{rel}","templated":true}]}}